{"id":28200,"date":"2025-08-10T12:37:27","date_gmt":"2025-08-10T11:37:27","guid":{"rendered":"https:\/\/www.learning-partners.com\/?p=28200"},"modified":"2026-04-10T14:53:50","modified_gmt":"2026-04-10T13:53:50","slug":"les-5-styles-de-leadership","status":"publish","type":"post","link":"https:\/\/www.learning-partners.com\/fr\/blog\/leadership-management\/les-5-styles-de-leadership\/","title":{"rendered":"Les 5 styles de leadership : comment identifier et adapter le v\u00f4tre en entreprise"},"content":{"rendered":"<p>[et_pb_section fb_built=&#8221;1&#8243; _builder_version=&#8221;4.27.4&#8243; _module_preset=&#8221;default&#8221; custom_padding=&#8221;||0px|||&#8221; da_disable_devices=&#8221;off|off|off&#8221; global_colors_info=&#8221;{}&#8221; theme_builder_area=&#8221;post_content&#8221; da_is_popup=&#8221;off&#8221; da_exit_intent=&#8221;off&#8221; da_has_close=&#8221;on&#8221; da_alt_close=&#8221;off&#8221; da_dark_close=&#8221;off&#8221; da_not_modal=&#8221;on&#8221; da_is_singular=&#8221;off&#8221; da_with_loader=&#8221;off&#8221; da_has_shadow=&#8221;on&#8221;][et_pb_row _builder_version=&#8221;4.27.4&#8243; _module_preset=&#8221;default&#8221; custom_padding=&#8221;||0px|||&#8221; global_colors_info=&#8221;{}&#8221; theme_builder_area=&#8221;post_content&#8221;][et_pb_column type=&#8221;4_4&#8243; _builder_version=&#8221;4.27.4&#8243; _module_preset=&#8221;default&#8221; global_colors_info=&#8221;{}&#8221; theme_builder_area=&#8221;post_content&#8221;][et_pb_toggle title=&#8221;Sommaire&#8221; open_toggle_text_color=&#8221;#FFFFFF&#8221; icon_color=&#8221;#FFFFFF&#8221; toggle_icon=&#8221;&#x3b;||divi||400&#8243; use_icon_font_size=&#8221;on&#8221; icon_font_size=&#8221;25px&#8221; open_icon_color=&#8221;#FFFFFF&#8221; open_toggle_icon=&#8221;&#x3d;||divi||400&#8243; open_use_icon_font_size=&#8221;on&#8221; open_icon_font_size=&#8221;25px&#8221; _builder_version=&#8221;4.27.4&#8243; _module_preset=&#8221;default&#8221; title_text_color=&#8221;#FFFFFF&#8221; title_level=&#8221;h2&#8243; title_font=&#8221;&#8211;et_global_body_font|600|||||||&#8221; title_font_size=&#8221;30px&#8221; title_line_height=&#8221;2rem&#8221; closed_title_font=&#8221;&#8211;et_global_body_font|600|||||||&#8221; closed_title_font_size=&#8221;30px&#8221; closed_title_line_height=&#8221;2rem&#8221; body_font=&#8221;&#8211;et_global_body_font||||||||&#8221; body_text_color=&#8221;RGBA(255,255,255,0)&#8221; background_color=&#8221;#1d3355&#8243; custom_padding=&#8221;40px|40px|40px|40px|true|true&#8221; hover_enabled=&#8221;0&#8243; border_radii=&#8221;on|20px|20px|20px|20px&#8221; global_colors_info=&#8221;{}&#8221; theme_builder_area=&#8221;post_content&#8221; sticky_enabled=&#8221;0&#8243;]<\/p>\n<p><span style=\"color: #ffffff;\"><a href=\"#sommaire-1\" style=\"color: #ffffff;\"><span style=\"font-weight: 400;\">Qu\u2019est-ce qu\u2019un <strong>style de leadership<\/strong> ?<\/span><\/a><\/span><\/p>\n<p><span style=\"color: #ffffff;\"><a href=\"#sommaire-2\" style=\"color: #ffffff;\"><span style=\"font-weight: 400;\">Pourquoi comprendre <strong>les diff\u00e9rents styles de leadership<\/strong> est essentiel pour un bon manager ?<\/span><\/a><\/span><\/p>\n<p><span style=\"color: #ffffff;\"><a href=\"#sommaire-3\" style=\"color: #ffffff;\"><span style=\"font-weight: 400;\"><strong>Les 5 styles de leadership<\/strong> les plus utilis\u00e9s<\/span><\/a><\/span><\/p>\n<p><span style=\"color: #ffffff;\"><a href=\"#sommaire-4\" style=\"color: #ffffff;\"><span style=\"font-weight: 400;\">Comment identifier <strong>son propre style de leadership<\/strong> ?<\/span><\/a><\/span><\/p>\n<p><span style=\"color: #ffffff;\"><a href=\"#sommaire-5\" style=\"color: #ffffff;\"><span style=\"font-weight: 400;\"><strong>R\u00e9v\u00e9lez le leader<\/strong> qui est en vous !<\/span><\/a><\/span><\/p>\n<p><span style=\"color: #ffffff;\"><a href=\"#sommaire-6\" style=\"color: #ffffff;\"><span style=\"font-weight: 400;\">Adapter <strong>son style de leadership<\/strong> selon les situations et ses \u00e9quipes<\/span><\/a><\/span><\/p>\n<p><span style=\"color: #ffffff;\"><a href=\"#sommaire-7\" style=\"color: #ffffff;\"><span style=\"font-weight: 400;\"><strong>Leadership et transformation<\/strong> : comment progresser avec Learning Partners ?<\/span><\/a><\/span><\/p>\n<p><span style=\"color: #ffffff;\"><a href=\"#sommaire-8\" style=\"color: #ffffff;\"><span style=\"font-weight: 400;\">FAQ :<strong> les 5 styles de leadership<\/strong><\/span><\/a><\/span><\/p>\n<p>[\/et_pb_toggle][\/et_pb_column][\/et_pb_row][\/et_pb_section][et_pb_section fb_built=&#8221;1&#8243; _builder_version=&#8221;4.27.4&#8243; _module_preset=&#8221;default&#8221; custom_padding=&#8221;50px||0px|||&#8221; da_disable_devices=&#8221;off|off|off&#8221; global_colors_info=&#8221;{}&#8221; theme_builder_area=&#8221;post_content&#8221; da_is_popup=&#8221;off&#8221; da_exit_intent=&#8221;off&#8221; da_has_close=&#8221;on&#8221; da_alt_close=&#8221;off&#8221; da_dark_close=&#8221;off&#8221; da_not_modal=&#8221;on&#8221; da_is_singular=&#8221;off&#8221; da_with_loader=&#8221;off&#8221; da_has_shadow=&#8221;on&#8221;][et_pb_row _builder_version=&#8221;4.27.4&#8243; _module_preset=&#8221;default&#8221; global_colors_info=&#8221;{}&#8221; theme_builder_area=&#8221;post_content&#8221;][et_pb_column type=&#8221;4_4&#8243; _builder_version=&#8221;4.27.4&#8243; _module_preset=&#8221;default&#8221; global_colors_info=&#8221;{}&#8221; theme_builder_area=&#8221;post_content&#8221;][et_pb_text module_id=&#8221;sommaire-1&#8243; _builder_version=&#8221;4.27.4&#8243; _module_preset=&#8221;default&#8221; header_2_font=&#8221;&#8211;et_global_body_font||||||||&#8221; header_2_line_height=&#8221;2.5rem&#8221; hover_enabled=&#8221;0&#8243; global_colors_info=&#8221;{}&#8221; theme_builder_area=&#8221;post_content&#8221; sticky_enabled=&#8221;0&#8243; header_2_font_size_last_edited=&#8221;on|phone&#8221; header_2_font_size_phone=&#8221;25px&#8221; header_2_line_height_last_edited=&#8221;on|phone&#8221; header_2_line_height_phone=&#8221;2rem&#8221; header_2_line_height_tablet=&#8221;2.5rem&#8221;]<\/p>\n<h2><b>Qu&#8217;est-ce qu&#8217;un style de leadership ?<\/b><\/h2>\n<p>[\/et_pb_text][et_pb_text _builder_version=&#8221;4.27.4&#8243; _module_preset=&#8221;default&#8221; text_font=&#8221;&#8211;et_global_body_font||||||||&#8221; text_line_height=&#8221;2rem&#8221; hover_enabled=&#8221;0&#8243; global_colors_info=&#8221;{}&#8221; theme_builder_area=&#8221;post_content&#8221; sticky_enabled=&#8221;0&#8243;]<\/p>\n<p><span style=\"font-weight: 400;\">Les <\/span><b>styles de leadership<\/b><span style=\"font-weight: 400;\"> d\u00e9signe la mani\u00e8re dont un manager ou un dirigeant exerce son influence, prend des d\u00e9cisions, communique et mobilise ses collaborateurs. Il refl\u00e8te \u00e0 la fois sa posture manag\u00e9riale, ses croyances, et sa fa\u00e7on d&#8217;interagir avec son environnement. Il est fortement li\u00e9 \u00e0 la culture de l&#8217;entreprise, \u00e0 la maturit\u00e9 des \u00e9quipes, mais aussi \u00e0 la personnalit\u00e9 du leader.<\/span><\/p>\n<p><span style=\"font-weight: 400;\">Contrairement \u00e0 une vision fig\u00e9e, les <\/span><b>styles de leadership<\/b><span style=\"font-weight: 400;\"> peuvent (et doivent) \u00e9voluer selon les contextes. D\u2019ailleurs, les grands mod\u00e8les de leadership (Lewin, Goleman, Hersey &amp; Blanchard) insistent sur la capacit\u00e9 d\u2019adapter son style au service de l\u2019efficacit\u00e9 collective.<\/span><\/p>\n<p>[\/et_pb_text][et_pb_text module_id=&#8221;sommaire-2&#8243; _builder_version=&#8221;4.27.4&#8243; _module_preset=&#8221;default&#8221; header_2_font=&#8221;&#8211;et_global_body_font||||||||&#8221; header_2_line_height=&#8221;2.5rem&#8221; hover_enabled=&#8221;0&#8243; global_colors_info=&#8221;{}&#8221; theme_builder_area=&#8221;post_content&#8221; sticky_enabled=&#8221;0&#8243; header_2_font_size_last_edited=&#8221;on|phone&#8221; header_2_font_size_phone=&#8221;25px&#8221; header_2_line_height_last_edited=&#8221;on|phone&#8221; header_2_line_height_phone=&#8221;2.5rem&#8221; header_2_line_height_tablet=&#8221;2.5rem&#8221;]<\/p>\n<h2><b>Pourquoi comprendre les diff\u00e9rents styles de leadership est essentiel pour un bon manager ?<\/b><\/h2>\n<p>[\/et_pb_text][et_pb_text _builder_version=&#8221;4.27.4&#8243; _module_preset=&#8221;default&#8221; text_font=&#8221;&#8211;et_global_body_font||||||||&#8221; text_line_height=&#8221;2rem&#8221; hover_enabled=&#8221;0&#8243; global_colors_info=&#8221;{}&#8221; theme_builder_area=&#8221;post_content&#8221; sticky_enabled=&#8221;0&#8243;]<\/p>\n<p><span style=\"font-weight: 400;\"><strong>Un bon leadership<\/strong> ne repose pas sur une seule fa\u00e7on de faire, mais sur une lecture fine des situations, des enjeux et des personnes.<\/span><\/p>\n<p><span style=\"font-weight: 400;\">Voici pourquoi il est cl\u00e9 de comprendre les types de leadership :<\/span><\/p>\n<p><span style=\"font-weight: 400;\"><\/span><\/p>\n<ul>\n<li style=\"font-weight: 400;\" aria-level=\"1\"><span style=\"font-weight: 400;\">Ils permettent <\/span><b>d&#8217;adapter son style<\/b><span style=\"font-weight: 400;\"> \u00e0 la maturit\u00e9 de ses collaborateurs.<\/span><span style=\"font-weight: 400;\"><\/span><\/li>\n<\/ul>\n<p><span style=\"font-weight: 400;\"><\/span><\/p>\n<ul>\n<li style=\"font-weight: 400;\" aria-level=\"1\"><span style=\"font-weight: 400;\">Ils aident \u00e0 mieux <\/span><b>d\u00e9l\u00e9guer, motiver, ou recadrer<\/b><span style=\"font-weight: 400;\">.<\/span><\/li>\n<\/ul>\n<p><span style=\"font-weight: 400;\"><\/span><\/p>\n<ul>\n<li style=\"font-weight: 400;\" aria-level=\"1\">Ils influencent directement <b>la performance, la coh\u00e9sion et l&#8217;engagement<\/b><span> des \u00e9quipes.<\/span><\/li>\n<\/ul>\n<p>[\/et_pb_text][\/et_pb_column][\/et_pb_row][\/et_pb_section][et_pb_section fb_built=&#8221;1&#8243; _builder_version=&#8221;4.27.4&#8243; _module_preset=&#8221;default&#8221; custom_padding=&#8221;0px||0px|||&#8221; da_disable_devices=&#8221;off|off|off&#8221; global_colors_info=&#8221;{}&#8221; theme_builder_area=&#8221;post_content&#8221; da_is_popup=&#8221;off&#8221; da_exit_intent=&#8221;off&#8221; da_has_close=&#8221;on&#8221; da_alt_close=&#8221;off&#8221; da_dark_close=&#8221;off&#8221; da_not_modal=&#8221;on&#8221; da_is_singular=&#8221;off&#8221; da_with_loader=&#8221;off&#8221; da_has_shadow=&#8221;on&#8221;][et_pb_row _builder_version=&#8221;4.27.4&#8243; _module_preset=&#8221;default&#8221; custom_padding=&#8221;0px||0px|||&#8221; global_colors_info=&#8221;{}&#8221; theme_builder_area=&#8221;post_content&#8221;][et_pb_column type=&#8221;4_4&#8243; _builder_version=&#8221;4.27.4&#8243; _module_preset=&#8221;default&#8221; global_colors_info=&#8221;{}&#8221; theme_builder_area=&#8221;post_content&#8221;][et_pb_image src=&#8221;https:\/\/www.learning-partners.com\/wp-content\/uploads\/2025\/08\/effets-style-management-equipe.webp&#8221; alt=&#8221;Carte mentale sur les 5 styles de leadership &#8211; Learning Partners&#8221; title_text=&#8221;effets-style-management-equipe&#8221; _builder_version=&#8221;4.27.4&#8243; _module_preset=&#8221;default&#8221; custom_margin=&#8221;1px|||||&#8221; hover_enabled=&#8221;0&#8243; border_radii=&#8221;on|10px|10px|10px|10px&#8221; global_colors_info=&#8221;{}&#8221; theme_builder_area=&#8221;post_content&#8221; sticky_enabled=&#8221;0&#8243;][\/et_pb_image][\/et_pb_column][\/et_pb_row][\/et_pb_section][et_pb_section fb_built=&#8221;1&#8243; _builder_version=&#8221;4.27.4&#8243; _module_preset=&#8221;default&#8221; da_disable_devices=&#8221;off|off|off&#8221; global_colors_info=&#8221;{}&#8221; theme_builder_area=&#8221;post_content&#8221; custom_padding=&#8221;||0px|||&#8221; da_is_popup=&#8221;off&#8221; da_exit_intent=&#8221;off&#8221; da_has_close=&#8221;on&#8221; da_alt_close=&#8221;off&#8221; da_dark_close=&#8221;off&#8221; da_not_modal=&#8221;on&#8221; da_is_singular=&#8221;off&#8221; da_with_loader=&#8221;off&#8221; da_has_shadow=&#8221;on&#8221;][et_pb_row _builder_version=&#8221;4.27.4&#8243; _module_preset=&#8221;default&#8221; global_colors_info=&#8221;{}&#8221; theme_builder_area=&#8221;post_content&#8221;][et_pb_column type=&#8221;4_4&#8243; _builder_version=&#8221;4.27.4&#8243; _module_preset=&#8221;default&#8221; global_colors_info=&#8221;{}&#8221; theme_builder_area=&#8221;post_content&#8221;][et_pb_text module_id=&#8221;sommaire-3&#8243; _builder_version=&#8221;4.27.4&#8243; _module_preset=&#8221;default&#8221; header_2_font=&#8221;&#8211;et_global_body_font||||||||&#8221; header_2_line_height=&#8221;2.5rem&#8221; hover_enabled=&#8221;0&#8243; global_colors_info=&#8221;{}&#8221; theme_builder_area=&#8221;post_content&#8221; sticky_enabled=&#8221;0&#8243; header_2_font_size_last_edited=&#8221;on|phone&#8221; header_2_font_size_phone=&#8221;25px&#8221;]<\/p>\n<h2><b>Les 5 styles de leadership les plus utilis\u00e9s (et leurs variantes)<\/b><\/h2>\n<p>[\/et_pb_text][et_pb_text _builder_version=&#8221;4.27.4&#8243; _module_preset=&#8221;default&#8221; text_font=&#8221;&#8211;et_global_body_font||||||||&#8221; text_line_height=&#8221;2rem&#8221; hover_enabled=&#8221;0&#8243; global_colors_info=&#8221;{}&#8221; theme_builder_area=&#8221;post_content&#8221; sticky_enabled=&#8221;0&#8243;]<\/p>\n<p><b>Les styles de leadership ne sont pas un concept unique, ce sont des spectres de styles et d\u2019approches.<\/b><\/p>\n<p data-start=\"127\" data-end=\"453\"><span style=\"font-weight: 400;\">Chaque leader, consciemment ou non, adopte un mode de management qui influence directement la motivation, la performance et la coh\u00e9sion de son \u00e9quipe. D\u00e9couvrons ensemble les <\/span><b>5 styles de leadership<\/b><span style=\"font-weight: 400;\"> les plus r\u00e9pandus \u2013 et leurs variantes \u2013 pour comprendre leurs forces, leurs limites et leur impact concret sur le terrain.<\/span><\/p>\n<p>[\/et_pb_text][et_pb_text _builder_version=&#8221;4.27.4&#8243; _module_preset=&#8221;default&#8221; header_2_font=&#8221;&#8211;et_global_body_font||||||||&#8221; header_2_line_height=&#8221;2rem&#8221; header_3_font=&#8221;&#8211;et_global_body_font||||||||&#8221; header_3_line_height=&#8221;2.5rem&#8221; hover_enabled=&#8221;0&#8243; global_colors_info=&#8221;{}&#8221; theme_builder_area=&#8221;post_content&#8221; sticky_enabled=&#8221;0&#8243;]<\/p>\n<h3><b>1. <\/b><b>Le leadership directif : clart\u00e9, rapidit\u00e9, mais rigidit\u00e9<\/b><\/h3>\n<p>[\/et_pb_text][et_pb_text _builder_version=&#8221;4.27.4&#8243; _module_preset=&#8221;default&#8221; text_font=&#8221;&#8211;et_global_body_font||||||||&#8221; text_line_height=&#8221;2rem&#8221; hover_enabled=&#8221;0&#8243; global_colors_info=&#8221;{}&#8221; theme_builder_area=&#8221;post_content&#8221; sticky_enabled=&#8221;0&#8243;]<\/p>\n<p><b><span style=\"font-weight: 400;\">Ce style de <\/span>leadership autoritaire<span style=\"font-weight: 400;\"> repose sur des consignes pr\u00e9cises, un contr\u00f4le strict et une hi\u00e9rarchie forte. Il est efficace dans les situations d\u2019urgence ou de crise, mais peut \u00e9touffer la prise d\u2019initiative.<\/span><\/b><\/p>\n<p><b>Avantages :<\/b><\/p>\n<ul>\n<li style=\"font-weight: 400;\" aria-level=\"1\"><span style=\"font-weight: 400;\">Prise de d\u00e9cision rapide<\/span><\/li>\n<li style=\"font-weight: 400;\" aria-level=\"1\"><span style=\"font-weight: 400;\">R\u00f4les bien d\u00e9finis<\/span><\/li>\n<li style=\"font-weight: 400;\" aria-level=\"1\"><span style=\"font-weight: 400;\">S\u00e9curit\u00e9 pour les \u00e9quipes peu autonomes<\/span><\/li>\n<\/ul>\n<p><b>Limites :<\/b><\/p>\n<ul>\n<li style=\"font-weight: 400;\" aria-level=\"1\"><span style=\"font-weight: 400;\">D\u00e9responsabilisation<\/span><\/li>\n<li style=\"font-weight: 400;\" aria-level=\"1\"><span style=\"font-weight: 400;\">D\u00e9motivation des profils autonomes<\/span><\/li>\n<li style=\"font-weight: 400;\" aria-level=\"1\"><span style=\"font-weight: 400;\">Communication descendante uniquement<\/span><\/li>\n<\/ul>\n<p>[\/et_pb_text][et_pb_text _builder_version=&#8221;4.27.4&#8243; _module_preset=&#8221;default&#8221; header_2_font=&#8221;&#8211;et_global_body_font||||||||&#8221; header_2_line_height=&#8221;2rem&#8221; header_3_font=&#8221;&#8211;et_global_body_font||||||||&#8221; header_3_line_height=&#8221;2.5rem&#8221; hover_enabled=&#8221;0&#8243; global_colors_info=&#8221;{}&#8221; theme_builder_area=&#8221;post_content&#8221; sticky_enabled=&#8221;0&#8243;]<\/p>\n<h3><b>2. <\/b><b>Le leadership participatif : co-construction et engagement<\/b><\/h3>\n<p>[\/et_pb_text][et_pb_text _builder_version=&#8221;4.27.4&#8243; _module_preset=&#8221;default&#8221; text_font=&#8221;&#8211;et_global_body_font||||||||&#8221; text_line_height=&#8221;2rem&#8221; hover_enabled=&#8221;0&#8243; global_colors_info=&#8221;{}&#8221; theme_builder_area=&#8221;post_content&#8221; sticky_enabled=&#8221;0&#8243;]<\/p>\n<p><span style=\"font-weight: 400;\">Le <\/span><b>leadership participatif<\/b><span style=\"font-weight: 400;\"> ou consultatif mise sur l&#8217;\u00e9coute, la concertation et l\u2019implication des \u00e9quipes. Il est particuli\u00e8rement adapt\u00e9 aux environnements collaboratifs ou aux projets d&#8217;innovation.<\/span><\/p>\n<p><b>Avantages :<\/b><\/p>\n<ul>\n<li style=\"font-weight: 400;\" aria-level=\"1\"><span style=\"font-weight: 400;\">Engagement fort des collaborateurs<\/span><\/li>\n<li style=\"font-weight: 400;\" aria-level=\"1\"><span style=\"font-weight: 400;\">D\u00e9veloppement de l\u2019intelligence collective<\/span><\/li>\n<li style=\"font-weight: 400;\" aria-level=\"1\"><span style=\"font-weight: 400;\">Climat de confiance durable<\/span><\/li>\n<\/ul>\n<p><b>Limites :<\/b><\/p>\n<ul>\n<li style=\"font-weight: 400;\" aria-level=\"1\"><span style=\"font-weight: 400;\">D\u00e9cisions parfois lentes<\/span><\/li>\n<li style=\"font-weight: 400;\" aria-level=\"1\"><span style=\"font-weight: 400;\">Risque de dilution de responsabilit\u00e9<\/span><\/li>\n<\/ul>\n<p>[\/et_pb_text][et_pb_text _builder_version=&#8221;4.27.4&#8243; _module_preset=&#8221;default&#8221; header_2_font=&#8221;&#8211;et_global_body_font||||||||&#8221; header_2_line_height=&#8221;2rem&#8221; header_3_font=&#8221;&#8211;et_global_body_font||||||||&#8221; header_3_line_height=&#8221;2.5rem&#8221; hover_enabled=&#8221;0&#8243; global_colors_info=&#8221;{}&#8221; theme_builder_area=&#8221;post_content&#8221; sticky_enabled=&#8221;0&#8243;]<\/p>\n<h3><b>3. Le leadership d\u00e9l\u00e9gatif : autonomie et responsabilisation<\/b><\/h3>\n<p>[\/et_pb_text][et_pb_text _builder_version=&#8221;4.27.4&#8243; _module_preset=&#8221;default&#8221; text_font=&#8221;&#8211;et_global_body_font||||||||&#8221; text_line_height=&#8221;2rem&#8221; hover_enabled=&#8221;0&#8243; global_colors_info=&#8221;{}&#8221; theme_builder_area=&#8221;post_content&#8221; sticky_enabled=&#8221;0&#8243;]<\/p>\n<p><span style=\"font-weight: 400;\">Le leader <\/span><b>d\u00e9l\u00e9gatif<\/b><span style=\"font-weight: 400;\"> ou &#8220;laisser-faire&#8221; fait confiance \u00e0 ses \u00e9quipes pour organiser leur travail et prendre des d\u00e9cisions. Ce style convient aux collaborateurs comp\u00e9tents, motiv\u00e9s et autonomes.<\/span><\/p>\n<p><b>Avantages :<\/b><\/p>\n<ul>\n<li style=\"font-weight: 400;\" aria-level=\"1\"><span style=\"font-weight: 400;\">Forte responsabilisation<\/span><\/li>\n<li style=\"font-weight: 400;\" aria-level=\"1\"><span style=\"font-weight: 400;\">Valorisation des expertises internes<\/span><\/li>\n<li style=\"font-weight: 400;\" aria-level=\"1\"><span style=\"font-weight: 400;\">Lib\u00e9ration du potentiel<\/span><\/li>\n<\/ul>\n<p><b>Limites :<\/b><\/p>\n<ul>\n<li style=\"font-weight: 400;\" aria-level=\"1\"><span style=\"font-weight: 400;\">Peut \u00eatre per\u00e7u comme un d\u00e9sengagement<\/span><\/li>\n<li style=\"font-weight: 400;\" aria-level=\"1\"><span style=\"font-weight: 400;\">Manque de cadre dans les \u00e9quipes juniors<\/span><\/li>\n<\/ul>\n<p>[\/et_pb_text][et_pb_text _builder_version=&#8221;4.27.4&#8243; _module_preset=&#8221;default&#8221; header_2_font=&#8221;&#8211;et_global_body_font||||||||&#8221; header_2_line_height=&#8221;2rem&#8221; header_3_font=&#8221;&#8211;et_global_body_font||||||||&#8221; header_3_line_height=&#8221;2.5rem&#8221; hover_enabled=&#8221;0&#8243; global_colors_info=&#8221;{}&#8221; theme_builder_area=&#8221;post_content&#8221; sticky_enabled=&#8221;0&#8243;]<\/p>\n<h3><b>4. Le leadership visionnaire : vision et inspiration<\/b><\/h3>\n<p>[\/et_pb_text][et_pb_text _builder_version=&#8221;4.27.4&#8243; _module_preset=&#8221;default&#8221; text_font=&#8221;&#8211;et_global_body_font||||||||&#8221; text_line_height=&#8221;2rem&#8221; hover_enabled=&#8221;0&#8243; global_colors_info=&#8221;{}&#8221; theme_builder_area=&#8221;post_content&#8221; sticky_enabled=&#8221;0&#8243;]<span style=\"font-weight: 400;\">Le <\/span><b>leadership visionnaire<\/b><span style=\"font-weight: 400;\"> repose sur la capacit\u00e9 \u00e0 inspirer, \u00e0 donner du sens et \u00e0 embarquer les \u00e9quipes dans une vision ambitieuse. Il est fr\u00e9quemment adopt\u00e9 dans les contextes de changement culturel ou strat\u00e9gique.<\/span><\/p>\n<p><b>Avantages :<\/b><\/p>\n<ul>\n<li style=\"font-weight: 400;\"><span style=\"font-weight: 400;\">Cr\u00e9ation d\u2019un projet mobilisateur<\/span><\/li>\n<li style=\"font-weight: 400;\"><span style=\"font-weight: 400;\">Forte motivation<\/span><\/li>\n<li style=\"font-weight: 400;\"><span style=\"font-weight: 400;\">Transformation culturelle durable<\/span><\/li>\n<\/ul>\n<p><b>Limites :<\/b><\/p>\n<ul>\n<li style=\"font-weight: 400;\"><span style=\"font-weight: 400;\">Besoin d\u2019un leadership fort et incarn\u00e9<\/span><\/li>\n<li style=\"font-weight: 400;\"><span style=\"font-weight: 400;\">Risque de sur-promesse si non align\u00e9 avec la r\u00e9alit\u00e9<\/span><\/li>\n<\/ul>\n<p><span style=\"font-weight: 400;\">Pour compl\u00e9ter notre propos, nous vous invitons \u00e0 consulter cette ressource de Harvard business Review : <a href=\"https:\/\/hbr.org\/2004\/01\/what-makes-a-leader\" target=\"_blank\" rel=\"dofollow noopener\">les composantes d&#8217;un bon leader.<\/a><\/span>[\/et_pb_text][et_pb_text _builder_version=&#8221;4.27.4&#8243; _module_preset=&#8221;default&#8221; header_2_font=&#8221;&#8211;et_global_body_font||||||||&#8221; header_2_line_height=&#8221;2rem&#8221; header_3_font=&#8221;&#8211;et_global_body_font||||||||&#8221; header_3_line_height=&#8221;2.5rem&#8221; hover_enabled=&#8221;0&#8243; global_colors_info=&#8221;{}&#8221; theme_builder_area=&#8221;post_content&#8221; sticky_enabled=&#8221;0&#8243;]<\/p>\n<h3><b>5. <\/b><b>Le leadership transactionnel : objectifs, r\u00e9sultats et cadre clair<\/b><\/h3>\n<p>[\/et_pb_text][et_pb_text _builder_version=&#8221;4.27.4&#8243; _module_preset=&#8221;default&#8221; text_font=&#8221;&#8211;et_global_body_font||||||||&#8221; text_line_height=&#8221;2rem&#8221; hover_enabled=&#8221;0&#8243; global_colors_info=&#8221;{}&#8221; theme_builder_area=&#8221;post_content&#8221; sticky_enabled=&#8221;0&#8243;]<span style=\"font-weight: 400;\">Bas\u00e9 sur un syst\u00e8me de r\u00e9compense et de sanction, le <\/span><b>leadership transactionnel<\/b><span style=\"font-weight: 400;\"> vise \u00e0 obtenir des r\u00e9sultats dans un cadre structurant. Il fonctionne bien dans les environnements r\u00e9glement\u00e9s ou les fonctions op\u00e9rationnelles.<\/span><\/p>\n<p><b>Avantages :<\/b><\/p>\n<ul>\n<li style=\"font-weight: 400;\" aria-level=\"1\"><span style=\"font-weight: 400;\">Objectifs clairs<\/span><\/li>\n<li style=\"font-weight: 400;\" aria-level=\"1\"><span style=\"font-weight: 400;\">Cadre s\u00e9curisant<\/span><\/li>\n<li style=\"font-weight: 400;\" aria-level=\"1\"><span style=\"font-weight: 400;\">R\u00e9sultats mesurables<\/span><\/li>\n<\/ul>\n<p><b>Limites :<\/b><\/p>\n<ul>\n<li style=\"font-weight: 400;\" aria-level=\"1\"><span style=\"font-weight: 400;\">Peu de place pour la cr\u00e9ativit\u00e9<\/span><\/li>\n<li style=\"font-weight: 400;\"><span style=\"font-weight: 400;\">Motivation extrins\u00e8que limit\u00e9e<\/span><\/li>\n<\/ul>\n<p><span style=\"font-weight: 400;\">Pour aller plus loin, consultez aussi <a href=\"https:\/\/www.mindtools.com\/a7m23wp\/leadership-styles\" target=\"_blank\" rel=\"dofollow noopener\">le style de leadership transformationnel, est-il le meilleur style de leadership \u00e0 mettre en oeuvre ?<\/a><\/span>[\/et_pb_text][\/et_pb_column][\/et_pb_row][\/et_pb_section][et_pb_section fb_built=&#8221;1&#8243; _builder_version=&#8221;4.27.4&#8243; _module_preset=&#8221;default&#8221; custom_padding=&#8221;0px||0px|||&#8221; da_disable_devices=&#8221;off|off|off&#8221; global_colors_info=&#8221;{}&#8221; theme_builder_area=&#8221;post_content&#8221; da_is_popup=&#8221;off&#8221; da_exit_intent=&#8221;off&#8221; da_has_close=&#8221;on&#8221; da_alt_close=&#8221;off&#8221; da_dark_close=&#8221;off&#8221; da_not_modal=&#8221;on&#8221; da_is_singular=&#8221;off&#8221; da_with_loader=&#8221;off&#8221; da_has_shadow=&#8221;on&#8221;][et_pb_row _builder_version=&#8221;4.27.4&#8243; _module_preset=&#8221;default&#8221; global_colors_info=&#8221;{}&#8221; theme_builder_area=&#8221;post_content&#8221;][et_pb_column type=&#8221;4_4&#8243; _builder_version=&#8221;4.27.4&#8243; _module_preset=&#8221;default&#8221; global_colors_info=&#8221;{}&#8221; theme_builder_area=&#8221;post_content&#8221;][et_pb_text module_id=&#8221;sommaire-4&#8243; _builder_version=&#8221;4.27.4&#8243; _module_preset=&#8221;default&#8221; header_2_font=&#8221;&#8211;et_global_body_font||||||||&#8221; header_2_line_height=&#8221;2.5rem&#8221; hover_enabled=&#8221;0&#8243; global_colors_info=&#8221;{}&#8221; theme_builder_area=&#8221;post_content&#8221; sticky_enabled=&#8221;0&#8243; header_2_font_size_last_edited=&#8221;on|phone&#8221; header_2_font_size_phone=&#8221;25px&#8221;]<\/p>\n<h2><b>Comment identifier son propre style de leadership ?<\/b><\/h2>\n<p>[\/et_pb_text][et_pb_text _builder_version=&#8221;4.27.4&#8243; _module_preset=&#8221;default&#8221; text_font=&#8221;&#8211;et_global_body_font||||||||&#8221; text_line_height=&#8221;2rem&#8221; hover_enabled=&#8221;0&#8243; global_colors_info=&#8221;{}&#8221; theme_builder_area=&#8221;post_content&#8221; sticky_enabled=&#8221;0&#8243;]<span style=\"font-weight: 400;\">Chaque manager a une tendance naturelle. Mais d\u2019o\u00f9 vient-elle ? Comment la reconna\u00eetre, et surtout, l\u2019adapter ?<\/span><\/p>\n<p><b>Checklist d&#8217;auto-\u00e9valuation :<\/b><\/p>\n<ul>\n<li style=\"font-weight: 400;\" aria-level=\"1\"><span style=\"font-weight: 400;\">Comment prenez-vous vos d\u00e9cisions ?<\/span><\/li>\n<li style=\"font-weight: 400;\" aria-level=\"1\"><span style=\"font-weight: 400;\">Quel est votre rapport \u00e0 l&#8217;autonomie ?<\/span><\/li>\n<li style=\"font-weight: 400;\" aria-level=\"1\"><span style=\"font-weight: 400;\">Dans quelle situation vous sentez-vous le plus \u00e0 l&#8217;aise ?<\/span><\/li>\n<\/ul>\n<p><a href=\"https:\/\/www.psychologytoday.com\/us\/basics\/leadership\" target=\"_blank\" rel=\"dofollow noopener\"><span style=\"font-weight: 400;\">D\u00e9couvrez les qualit\u00e9s d&#8217;un bon leader !<\/span><\/a>[\/et_pb_text][\/et_pb_column][\/et_pb_row][\/et_pb_section][et_pb_section fb_built=&#8221;1&#8243; _builder_version=&#8221;4.27.4&#8243; _module_preset=&#8221;default&#8221; custom_padding=&#8221;0px||0px|||&#8221; da_disable_devices=&#8221;off|off|off&#8221; global_colors_info=&#8221;{}&#8221; theme_builder_area=&#8221;post_content&#8221; da_is_popup=&#8221;off&#8221; da_exit_intent=&#8221;off&#8221; da_has_close=&#8221;on&#8221; da_alt_close=&#8221;off&#8221; da_dark_close=&#8221;off&#8221; da_not_modal=&#8221;on&#8221; da_is_singular=&#8221;off&#8221; da_with_loader=&#8221;off&#8221; da_has_shadow=&#8221;on&#8221;][et_pb_row _builder_version=&#8221;4.27.4&#8243; _module_preset=&#8221;default&#8221; custom_padding=&#8221;0px||0px|||&#8221; global_colors_info=&#8221;{}&#8221; theme_builder_area=&#8221;post_content&#8221;][et_pb_column type=&#8221;4_4&#8243; _builder_version=&#8221;4.27.4&#8243; _module_preset=&#8221;default&#8221; global_colors_info=&#8221;{}&#8221; theme_builder_area=&#8221;post_content&#8221;][et_pb_image src=&#8221;https:\/\/www.learning-partners.com\/wp-content\/uploads\/2025\/08\/mbti-style-de-management.webp&#8221; alt=&#8221;Les styles de leadership selon la personnalit\u00e9 &#8211; Learning Partners&#8221; title_text=&#8221;mbti-style-de-management&#8221; _builder_version=&#8221;4.27.4&#8243; _module_preset=&#8221;default&#8221; custom_margin=&#8221;1px|||||&#8221; hover_enabled=&#8221;0&#8243; border_radii=&#8221;on|10px|10px|10px|10px&#8221; global_colors_info=&#8221;{}&#8221; theme_builder_area=&#8221;post_content&#8221; sticky_enabled=&#8221;0&#8243; url=&#8221;https:\/\/www.learning-partners.com\/fr\/outils-gestion-performances\/mbti-optimisation-equipes\/&#8221;][\/et_pb_image][\/et_pb_column][\/et_pb_row][\/et_pb_section][et_pb_section fb_built=&#8221;1&#8243; _builder_version=&#8221;4.27.4&#8243; _module_preset=&#8221;default&#8221; custom_padding=&#8221;100px||100px||true|false&#8221; da_disable_devices=&#8221;off|off|off&#8221; global_colors_info=&#8221;{}&#8221; theme_builder_area=&#8221;post_content&#8221; da_is_popup=&#8221;off&#8221; da_exit_intent=&#8221;off&#8221; da_has_close=&#8221;on&#8221; da_alt_close=&#8221;off&#8221; da_dark_close=&#8221;off&#8221; da_not_modal=&#8221;on&#8221; da_is_singular=&#8221;off&#8221; da_with_loader=&#8221;off&#8221; da_has_shadow=&#8221;on&#8221;][et_pb_row column_structure=&#8221;3_5,2_5&#8243; _builder_version=&#8221;4.27.4&#8243; _module_preset=&#8221;default&#8221; background_color=&#8221;#1d3355&#8243; custom_padding=&#8221;50px|50px|50px|50px|true|true&#8221; border_radii=&#8221;on|15px|15px|15px|15px&#8221; box_shadow_style=&#8221;preset1&#8243; box_shadow_blur=&#8221;50px&#8221; box_shadow_spread=&#8221;10px&#8221; global_colors_info=&#8221;{}&#8221; theme_builder_area=&#8221;post_content&#8221;][et_pb_column type=&#8221;3_5&#8243; _builder_version=&#8221;4.27.4&#8243; _module_preset=&#8221;default&#8221; global_colors_info=&#8221;{}&#8221; theme_builder_area=&#8221;post_content&#8221;][et_pb_text _builder_version=&#8221;4.27.4&#8243; _module_preset=&#8221;default&#8221; header_2_font=&#8221;&#8211;et_global_body_font|700|||||||&#8221; header_2_text_align=&#8221;left&#8221; header_2_font_size=&#8221;50px&#8221; header_2_line_height=&#8221;4rem&#8221; custom_margin=&#8221;||||false|false&#8221; hover_enabled=&#8221;0&#8243; header_2_font_size_tablet=&#8221;50px&#8221; header_2_font_size_phone=&#8221;25px&#8221; header_2_font_size_last_edited=&#8221;on|phone&#8221; header_2_line_height_tablet=&#8221;4rem&#8221; header_2_line_height_phone=&#8221;2.5rem&#8221; header_2_line_height_last_edited=&#8221;on|desktop&#8221; global_colors_info=&#8221;{}&#8221; theme_builder_area=&#8221;post_content&#8221; sticky_enabled=&#8221;0&#8243; module_id=&#8221;sommaire-5&#8243;]<\/p>\n<h2><span style=\"color: #ffffff;\">R\u00e9v\u00e9lez le <span style=\"color: #b0c4de;\">leader<\/span> qui est en vous !<\/span><\/h2>\n<p>[\/et_pb_text][et_pb_text _builder_version=&#8221;4.27.4&#8243; _module_preset=&#8221;default&#8221; text_font=&#8221;&#8211;et_global_body_font||||||||&#8221; text_text_color=&#8221;#FFFFFF&#8221; text_font_size=&#8221;22px&#8221; text_line_height=&#8221;2rem&#8221; hover_enabled=&#8221;0&#8243; text_font_size_tablet=&#8221;22px&#8221; text_font_size_phone=&#8221;18px&#8221; text_font_size_last_edited=&#8221;on|phone&#8221; global_colors_info=&#8221;{}&#8221; theme_builder_area=&#8221;post_content&#8221; sticky_enabled=&#8221;0&#8243;]<\/p>\n<p><strong>Transformez votre leadership<\/strong> avec le <strong>test MBTI<\/strong> !<\/p>\n<p>[\/et_pb_text][et_pb_button button_url=&#8221;https:\/\/www.learning-partners.com\/fr\/outils-gestion-performances\/mbti-optimisation-equipes\/&#8221; button_text=&#8221;Je r\u00e9alise mon test&#8221; _builder_version=&#8221;4.27.4&#8243; _module_preset=&#8221;1bffc0fc-42a0-49d1-bd9a-ae3ade2d7206&#8243; custom_button=&#8221;on&#8221; button_text_size=&#8221;18px&#8221; button_text_color=&#8221;#1d3355&#8243; button_bg_color=&#8221;#FFFFFF&#8221; button_border_width=&#8221;0px&#8221; button_border_radius=&#8221;100px&#8221; button_font=&#8221;Poppins|700|||||||&#8221; custom_padding=&#8221;15px|40px|15px|40px|true|true&#8221; custom_padding_tablet=&#8221;15px|40px|15px|40px|true|true&#8221; custom_padding_phone=&#8221;15px|16px|15px|16px|true|true&#8221; custom_padding_last_edited=&#8221;on|phone&#8221; hover_enabled=&#8221;0&#8243; button_text_size_tablet=&#8221;18px&#8221; button_text_size_phone=&#8221;16px&#8221; button_text_size_last_edited=&#8221;on|phone&#8221; locked=&#8221;off&#8221; global_colors_info=&#8221;{}&#8221; custom_padding__hover_enabled=&#8221;off|desktop&#8221; custom_padding__hover=&#8221;|28px||20px|true|false&#8221; theme_builder_area=&#8221;post_content&#8221; sticky_enabled=&#8221;0&#8243; button_alignment_last_edited=&#8221;on|phone&#8221; button_alignment_phone=&#8221;center&#8221;][\/et_pb_button][\/et_pb_column][et_pb_column type=&#8221;2_5&#8243; _builder_version=&#8221;4.27.4&#8243; _module_preset=&#8221;default&#8221; global_colors_info=&#8221;{}&#8221; theme_builder_area=&#8221;post_content&#8221;][et_pb_image src=&#8221;https:\/\/www.learning-partners.com\/wp-content\/uploads\/2024\/12\/michael-van-eck.webp&#8221; alt=&#8221;Michael Van Eck, fondateur de Learning Partners&#8221; title_text=&#8221;michael-van-eck&#8221; align=&#8221;center&#8221; _builder_version=&#8221;4.27.4&#8243; _module_preset=&#8221;default&#8221; width=&#8221;80%&#8221; border_radii=&#8221;on|200px|200px|200px|200px&#8221; global_colors_info=&#8221;{}&#8221; theme_builder_area=&#8221;post_content&#8221;][\/et_pb_image][\/et_pb_column][\/et_pb_row][\/et_pb_section][et_pb_section fb_built=&#8221;1&#8243; _builder_version=&#8221;4.27.4&#8243; _module_preset=&#8221;default&#8221; custom_padding=&#8221;0px||0px|||&#8221; hover_enabled=&#8221;0&#8243; da_disable_devices=&#8221;off|off|off&#8221; global_colors_info=&#8221;{}&#8221; theme_builder_area=&#8221;post_content&#8221; sticky_enabled=&#8221;0&#8243; da_is_popup=&#8221;off&#8221; da_exit_intent=&#8221;off&#8221; da_has_close=&#8221;on&#8221; da_alt_close=&#8221;off&#8221; da_dark_close=&#8221;off&#8221; da_not_modal=&#8221;on&#8221; da_is_singular=&#8221;off&#8221; da_with_loader=&#8221;off&#8221; da_has_shadow=&#8221;on&#8221;][et_pb_row _builder_version=&#8221;4.27.4&#8243; _module_preset=&#8221;default&#8221; custom_padding=&#8221;0px||0px|||&#8221; global_colors_info=&#8221;{}&#8221; theme_builder_area=&#8221;post_content&#8221;][et_pb_column type=&#8221;4_4&#8243; _builder_version=&#8221;4.27.4&#8243; _module_preset=&#8221;default&#8221; global_colors_info=&#8221;{}&#8221; theme_builder_area=&#8221;post_content&#8221;][et_pb_image src=&#8221;https:\/\/www.learning-partners.com\/wp-content\/uploads\/2025\/08\/tableau-style-management-adapte.webp&#8221; alt=&#8221;Tableau des styles de management adapt\u00e9s &#8211; Learning Partners&#8221; title_text=&#8221;tableau-style-management-adapte\u0301&#8221; _builder_version=&#8221;4.27.4&#8243; _module_preset=&#8221;default&#8221; custom_margin=&#8221;1px|||||&#8221; hover_enabled=&#8221;0&#8243; border_radii=&#8221;on|10px|10px|10px|10px&#8221; global_colors_info=&#8221;{}&#8221; theme_builder_area=&#8221;post_content&#8221; sticky_enabled=&#8221;0&#8243;][\/et_pb_image][\/et_pb_column][\/et_pb_row][\/et_pb_section][et_pb_section fb_built=&#8221;1&#8243; _builder_version=&#8221;4.27.4&#8243; _module_preset=&#8221;default&#8221; custom_padding=&#8221;0px||0px|||&#8221; da_disable_devices=&#8221;off|off|off&#8221; global_colors_info=&#8221;{}&#8221; theme_builder_area=&#8221;post_content&#8221; da_is_popup=&#8221;off&#8221; da_exit_intent=&#8221;off&#8221; da_has_close=&#8221;on&#8221; da_alt_close=&#8221;off&#8221; da_dark_close=&#8221;off&#8221; da_not_modal=&#8221;on&#8221; da_is_singular=&#8221;off&#8221; da_with_loader=&#8221;off&#8221; da_has_shadow=&#8221;on&#8221;][et_pb_row _builder_version=&#8221;4.27.4&#8243; _module_preset=&#8221;default&#8221; global_colors_info=&#8221;{}&#8221; theme_builder_area=&#8221;post_content&#8221;][et_pb_column type=&#8221;4_4&#8243; _builder_version=&#8221;4.27.4&#8243; _module_preset=&#8221;default&#8221; global_colors_info=&#8221;{}&#8221; theme_builder_area=&#8221;post_content&#8221;][et_pb_text module_id=&#8221;sommaire-6&#8243; _builder_version=&#8221;4.27.4&#8243; _module_preset=&#8221;default&#8221; header_2_font=&#8221;&#8211;et_global_body_font||||||||&#8221; header_2_line_height=&#8221;2.5rem&#8221; hover_enabled=&#8221;0&#8243; global_colors_info=&#8221;{}&#8221; theme_builder_area=&#8221;post_content&#8221; sticky_enabled=&#8221;0&#8243; header_2_font_size_last_edited=&#8221;on|phone&#8221; header_2_font_size_phone=&#8221;25px&#8221;]<\/p>\n<h2><b>Adapter son style de leadership selon les situations et ses \u00e9quipes<\/b><\/h2>\n<p>[\/et_pb_text][et_pb_text _builder_version=&#8221;4.27.4&#8243; _module_preset=&#8221;default&#8221; text_font=&#8221;&#8211;et_global_body_font||||||||&#8221; text_line_height=&#8221;2rem&#8221; hover_enabled=&#8221;0&#8243; global_colors_info=&#8221;{}&#8221; theme_builder_area=&#8221;post_content&#8221; sticky_enabled=&#8221;0&#8243;]<\/p>\n<p><span style=\"font-weight: 400;\">Le <\/span><b>leadership situationnel<\/b><span style=\"font-weight: 400;\">, introduit par Hersey et Blanchard, repose sur l\u2019id\u00e9e que le bon leader adapte son style au niveau de maturit\u00e9 de ses collaborateurs.<\/span><\/p>\n<p>[\/et_pb_text][et_pb_text _builder_version=&#8221;4.27.4&#8243; _module_preset=&#8221;default&#8221; header_2_font=&#8221;&#8211;et_global_body_font||||||||&#8221; header_2_line_height=&#8221;2rem&#8221; header_3_font=&#8221;&#8211;et_global_body_font||||||||&#8221; header_3_line_height=&#8221;2.5rem&#8221; hover_enabled=&#8221;0&#8243; global_colors_info=&#8221;{}&#8221; theme_builder_area=&#8221;post_content&#8221; sticky_enabled=&#8221;0&#8243;]<\/p>\n<h3><b>Tableau des styles adapt\u00e9s<\/b><\/h3>\n<p>[\/et_pb_text][\/et_pb_column][\/et_pb_row][\/et_pb_section][et_pb_section fb_built=&#8221;1&#8243; _builder_version=&#8221;4.27.4&#8243; _module_preset=&#8221;default&#8221; custom_padding=&#8221;0px|||||&#8221; da_disable_devices=&#8221;off|off|off&#8221; global_colors_info=&#8221;{}&#8221; theme_builder_area=&#8221;post_content&#8221; da_is_popup=&#8221;off&#8221; da_exit_intent=&#8221;off&#8221; da_has_close=&#8221;on&#8221; da_alt_close=&#8221;off&#8221; da_dark_close=&#8221;off&#8221; da_not_modal=&#8221;on&#8221; da_is_singular=&#8221;off&#8221; da_with_loader=&#8221;off&#8221; da_has_shadow=&#8221;on&#8221;][et_pb_row _builder_version=&#8221;4.27.4&#8243; _module_preset=&#8221;default&#8221; global_colors_info=&#8221;{}&#8221; theme_builder_area=&#8221;post_content&#8221;][et_pb_column type=&#8221;4_4&#8243; _builder_version=&#8221;4.27.4&#8243; _module_preset=&#8221;default&#8221; global_colors_info=&#8221;{}&#8221; theme_builder_area=&#8221;post_content&#8221;][et_pb_text module_id=&#8221;sommaire-7&#8243; _builder_version=&#8221;4.27.4&#8243; _module_preset=&#8221;default&#8221; header_2_font=&#8221;&#8211;et_global_body_font||||||||&#8221; header_2_line_height=&#8221;2.5rem&#8221; hover_enabled=&#8221;0&#8243; global_colors_info=&#8221;{}&#8221; theme_builder_area=&#8221;post_content&#8221; sticky_enabled=&#8221;0&#8243; header_2_font_size_last_edited=&#8221;on|phone&#8221; header_2_font_size_phone=&#8221;25px&#8221;]<\/p>\n<h2><b>Leadership et transformation : comment progresser avec Learning Partners ?<\/b><\/h2>\n<p>[\/et_pb_text][et_pb_text _builder_version=&#8221;4.27.4&#8243; _module_preset=&#8221;default&#8221; text_font=&#8221;&#8211;et_global_body_font||||||||&#8221; text_line_height=&#8221;2rem&#8221; hover_enabled=&#8221;0&#8243; global_colors_info=&#8221;{}&#8221; theme_builder_area=&#8221;post_content&#8221; sticky_enabled=&#8221;0&#8243;]<\/p>\n<p><span style=\"font-weight: 400;\">Chez Learning Partners, nous accompagnons les managers et dirigeants dans l&#8217;\u00e9volution de leur <\/span><b>posture manag\u00e9riale<\/b><span style=\"font-weight: 400;\">.<\/span><\/p>\n<p><span style=\"font-weight: 400;\">Nous proposons :<\/span><\/p>\n<ul>\n<li style=\"font-weight: 400;\" aria-level=\"1\"><span style=\"font-weight: 400;\">Des <\/span><b>diagnostics personnalis\u00e9s<\/b><span style=\"font-weight: 400;\"> (en ligne ou en pr\u00e9sentiel)<\/span><\/li>\n<li style=\"font-weight: 400;\" aria-level=\"1\"><span style=\"font-weight: 400;\">Des <\/span><b>programmes de coaching manag\u00e9rial<\/b><\/li>\n<li style=\"font-weight: 400;\" aria-level=\"1\"><span style=\"font-weight: 400;\">Des <\/span><b>formations en leadership transformationnel et adaptatif<\/b><\/li>\n<\/ul>\n<p><b>Prenez un rendez-vous de 30 minutes<\/b><span style=\"font-weight: 400;\"> avec un consultant Learning Partners pour b\u00e9n\u00e9ficier d\u2019un premier diagnostic offert.<\/span><\/p>\n<p>[\/et_pb_text][et_pb_button button_text=&#8221;Prendre RDV&#8221; _builder_version=&#8221;4.27.4&#8243; _module_preset=&#8221;1bffc0fc-42a0-49d1-bd9a-ae3ade2d7206&#8243; custom_button=&#8221;on&#8221; button_text_size=&#8221;18px&#8221; button_text_color=&#8221;#FFFFFF&#8221; button_bg_color=&#8221;#1d3557&#8243; button_border_width=&#8221;0px&#8221; button_border_radius=&#8221;100px&#8221; button_font=&#8221;Poppins|700|||||||&#8221; custom_padding=&#8221;15px|40px|15px|40px|true|true&#8221; hover_enabled=&#8221;0&#8243; locked=&#8221;off&#8221; global_colors_info=&#8221;{}&#8221; custom_padding__hover_enabled=&#8221;off|desktop&#8221; custom_padding__hover=&#8221;|28px||20px|true|false&#8221; theme_builder_area=&#8221;post_content&#8221; button_alignment=&#8221;center&#8221; button_url=&#8221;#contact-learning-partners-wpforms&#8221; sticky_enabled=&#8221;0&#8243;][\/et_pb_button][\/et_pb_column][\/et_pb_row][\/et_pb_section][et_pb_section fb_built=&#8221;1&#8243; theme_builder_area=&#8221;post_content&#8221; _builder_version=&#8221;4.27.4&#8243; _module_preset=&#8221;default&#8221; custom_margin_last_edited=&#8221;on|phone&#8221; custom_margin_phone=&#8221;-50px||||false|false&#8221; hover_enabled=&#8221;0&#8243; sticky_enabled=&#8221;0&#8243; da_is_popup=&#8221;off&#8221; da_exit_intent=&#8221;off&#8221; da_has_close=&#8221;on&#8221; da_alt_close=&#8221;off&#8221; da_dark_close=&#8221;off&#8221; da_not_modal=&#8221;on&#8221; da_is_singular=&#8221;off&#8221; da_with_loader=&#8221;off&#8221; da_has_shadow=&#8221;on&#8221; da_disable_devices=&#8221;off|off|off&#8221;][et_pb_row _builder_version=&#8221;4.27.4&#8243; _module_preset=&#8221;default&#8221; theme_builder_area=&#8221;post_content&#8221;][et_pb_column _builder_version=&#8221;4.27.4&#8243; _module_preset=&#8221;default&#8221; type=&#8221;4_4&#8243; theme_builder_area=&#8221;post_content&#8221;][et_pb_text module_id=&#8221;sommaire-8&#8243; _builder_version=&#8221;4.27.4&#8243; _module_preset=&#8221;default&#8221; header_2_font=&#8221;&#8211;et_global_body_font||||||||&#8221; header_2_line_height=&#8221;2.5rem&#8221; hover_enabled=&#8221;0&#8243; global_colors_info=&#8221;{}&#8221; theme_builder_area=&#8221;post_content&#8221; sticky_enabled=&#8221;0&#8243; header_2_font_size_last_edited=&#8221;on|phone&#8221; header_2_font_size_phone=&#8221;25px&#8221;]<\/p>\n<h2><b>FAQ : les 5 styles de leadership<\/b><\/h2>\n<p>[\/et_pb_text][et_pb_accordion open_toggle_text_color=&#8221;#FFFFFF&#8221; open_toggle_background_color=&#8221;#5a7fb0&#8243; closed_toggle_background_color=&#8221;#5a7fb0&#8243; toggle_icon=&#8221;&#x37;||divi||400&#8243; icon_color=&#8221;#FFFFFF&#8221; use_icon_font_size=&#8221;on&#8221; icon_font_size=&#8221;20px&#8221; _builder_version=&#8221;4.27.4&#8243; _module_preset=&#8221;default&#8221; toggle_text_color=&#8221;#FFFFFF&#8221; toggle_level=&#8221;h3&#8243; toggle_font=&#8221;&#8211;et_global_body_font||||||||&#8221; toggle_font_size=&#8221;18px&#8221; toggle_line_height=&#8221;2em&#8221; body_font=&#8221;&#8211;et_global_body_font||||||||&#8221; body_text_color=&#8221;#FFFFFF&#8221; background_color=&#8221;RGBA(255,255,255,0)&#8221; custom_padding=&#8221;20px|0px|0px|0px|false|false&#8221; hover_enabled=&#8221;0&#8243; border_radii=&#8221;on|10px|10px|10px|10px&#8221; border_width_all=&#8221;0px&#8221; global_colors_info=&#8221;{}&#8221; theme_builder_area=&#8221;post_content&#8221; sticky_enabled=&#8221;0&#8243;][et_pb_accordion_item title=&#8221;Quels sont les styles de leadership les plus efficaces ?&#8221; open=&#8221;on&#8221; icon_color=&#8221;#FFFFFF&#8221; toggle_icon=&#8221;&#x37;||divi||400&#8243; use_icon_font_size=&#8221;on&#8221; icon_font_size=&#8221;20px&#8221; _builder_version=&#8221;4.27.4&#8243; _module_preset=&#8221;default&#8221; body_font=&#8221;&#8211;et_global_body_font||||||||&#8221; body_line_height=&#8221;2rem&#8221; hover_enabled=&#8221;0&#8243; global_colors_info=&#8221;{}&#8221; toggle_level=&#8221;h3&#8243; toggle_font=&#8221;&#8211;et_global_body_font|500|||||||&#8221; toggle_font_size=&#8221;18px&#8221; toggle_line_height=&#8221;2rem&#8221; theme_builder_area=&#8221;post_content&#8221; sticky_enabled=&#8221;0&#8243;]<\/p>\n<p><span style=\"font-weight: 400;\">Cela d\u00e9pend du contexte. Le leadership transformationnel est tr\u00e8s mobilisateur, mais le directif peut \u00eatre n\u00e9cessaire en situation de crise. C&#8217;est l&#8217;adaptabilit\u00e9 qui fait la diff\u00e9rence.<\/span><\/p>\n<p>[\/et_pb_accordion_item][et_pb_accordion_item title=&#8221;Peut-on changer de style de leadership ?&#8221; icon_color=&#8221;#FFFFFF&#8221; toggle_icon=&#8221;&#x37;||divi||400&#8243; use_icon_font_size=&#8221;on&#8221; icon_font_size=&#8221;20px&#8221; _builder_version=&#8221;4.27.4&#8243; _module_preset=&#8221;default&#8221; body_font=&#8221;&#8211;et_global_body_font||||||||&#8221; body_line_height=&#8221;2rem&#8221; hover_enabled=&#8221;0&#8243; global_colors_info=&#8221;{}&#8221; toggle_level=&#8221;h3&#8243; toggle_font=&#8221;&#8211;et_global_body_font|500|||||||&#8221; toggle_font_size=&#8221;18px&#8221; toggle_line_height=&#8221;2rem&#8221; theme_builder_area=&#8221;post_content&#8221; open=&#8221;off&#8221; sticky_enabled=&#8221;0&#8243;]<\/p>\n<p><span style=\"font-weight: 400;\">Oui, \u00e0 condition d&#8217;en prendre conscience et de se former. Le style n&#8217;est pas fig\u00e9.<\/span><\/p>\n<p>[\/et_pb_accordion_item][et_pb_accordion_item title=&#8221;Comment savoir quel est mon style de leadership ?&#8221; icon_color=&#8221;#FFFFFF&#8221; toggle_icon=&#8221;&#x37;||divi||400&#8243; use_icon_font_size=&#8221;on&#8221; icon_font_size=&#8221;20px&#8221; _builder_version=&#8221;4.27.4&#8243; _module_preset=&#8221;default&#8221; body_font=&#8221;&#8211;et_global_body_font||||||||&#8221; body_line_height=&#8221;2rem&#8221; hover_enabled=&#8221;0&#8243; global_colors_info=&#8221;{}&#8221; toggle_level=&#8221;h3&#8243; toggle_font=&#8221;&#8211;et_global_body_font|500|||||||&#8221; toggle_font_size=&#8221;18px&#8221; toggle_line_height=&#8221;2rem&#8221; theme_builder_area=&#8221;post_content&#8221; open=&#8221;off&#8221; sticky_enabled=&#8221;0&#8243;]<\/p>\n<p><span style=\"font-weight: 400;\">En observant votre mani\u00e8re de d\u00e9cider, de motiver, de communiquer, ou gr\u00e2ce \u00e0 des outils de diagnostic comme ceux propos\u00e9s par Learning Partners, notamment <a href=\"https:\/\/www.learning-partners.com\/fr\/outils-gestion-performances\/mbti-optimisation-equipes\/\">l&#8217;outil MBTI<\/a><\/span><\/p>\n<p>[\/et_pb_accordion_item][et_pb_accordion_item title=&#8221;Les styles de leadership ont-ils un impact sur les r\u00e9sultats ?&#8221; icon_color=&#8221;#FFFFFF&#8221; toggle_icon=&#8221;&#x37;||divi||400&#8243; use_icon_font_size=&#8221;on&#8221; icon_font_size=&#8221;20px&#8221; _builder_version=&#8221;4.27.4&#8243; _module_preset=&#8221;default&#8221; body_font=&#8221;&#8211;et_global_body_font||||||||&#8221; body_line_height=&#8221;2rem&#8221; hover_enabled=&#8221;0&#8243; global_colors_info=&#8221;{}&#8221; toggle_level=&#8221;h3&#8243; toggle_font=&#8221;&#8211;et_global_body_font|500|||||||&#8221; toggle_font_size=&#8221;18px&#8221; toggle_line_height=&#8221;2rem&#8221; theme_builder_area=&#8221;post_content&#8221; open=&#8221;off&#8221; sticky_enabled=&#8221;0&#8243;]<\/p>\n<p><span style=\"font-weight: 400;\">Oui, plusieurs \u00e9tudes (Harvard, Gallup&#8230;) montrent que le style de leadership influence directement la motivation et la performance.<\/span><\/p>\n<p>[\/et_pb_accordion_item][et_pb_accordion_item title=&#8221;Faut-il un seul style ou en ma\u00eetriser plusieurs ?&#8221; icon_color=&#8221;#FFFFFF&#8221; toggle_icon=&#8221;&#x37;||divi||400&#8243; use_icon_font_size=&#8221;on&#8221; icon_font_size=&#8221;20px&#8221; _builder_version=&#8221;4.27.4&#8243; _module_preset=&#8221;default&#8221; body_font=&#8221;&#8211;et_global_body_font||||||||&#8221; body_line_height=&#8221;2rem&#8221; hover_enabled=&#8221;0&#8243; global_colors_info=&#8221;{}&#8221; toggle_level=&#8221;h3&#8243; toggle_font=&#8221;&#8211;et_global_body_font|500|||||||&#8221; toggle_font_size=&#8221;18px&#8221; toggle_line_height=&#8221;2rem&#8221; theme_builder_area=&#8221;post_content&#8221; open=&#8221;off&#8221; sticky_enabled=&#8221;0&#8243;]<\/p>\n<p><span style=\"font-weight: 400;\">Il est pr\u00e9f\u00e9rable de savoir en mobiliser plusieurs selon les besoins, d&#8217;o\u00f9 l&#8217;int\u00e9r\u00eat du leadership situationnel.<\/span><\/p>\n<p>[\/et_pb_accordion_item][\/et_pb_accordion][\/et_pb_column][\/et_pb_row][\/et_pb_section][et_pb_section fb_built=&#8221;1&#8243; admin_label=&#8221;Popup &#8211; #contact-learning-partners-wpforms&#8221; module_id=&#8221;contact-learning-partners-wpforms&#8221; module_class=&#8221;popup no-shadow&#8221; _builder_version=&#8221;4.27.4&#8243; _module_preset=&#8221;default&#8221; background_color=&#8221;RGBA(255,255,255,0)&#8221; da_is_popup=&#8221;on&#8221; da_popup_slug=&#8221;contact-learning-partners-wpforms&#8221; da_has_shadow=&#8221;off&#8221; da_disable_devices=&#8221;off|off|off&#8221; global_colors_info=&#8221;{}&#8221; theme_builder_area=&#8221;post_content&#8221; da_exit_intent=&#8221;off&#8221; da_has_close=&#8221;on&#8221; da_alt_close=&#8221;off&#8221; da_dark_close=&#8221;off&#8221; da_not_modal=&#8221;on&#8221; da_is_singular=&#8221;off&#8221; da_with_loader=&#8221;off&#8221;][et_pb_row column_structure=&#8221;1_3,2_3&#8243; custom_padding_last_edited=&#8221;on|phone&#8221; _builder_version=&#8221;4.27.4&#8243; background_color=&#8221;#3550a0&#8243; custom_margin=&#8221;0px||||false|false&#8221; custom_margin_tablet=&#8221;0px|||&#8221; custom_margin_phone=&#8221;|||&#8221; custom_margin_last_edited=&#8221;off|desktop&#8221; custom_padding=&#8221;80px|4%|80px|4%|true|true&#8221; custom_padding_tablet=&#8221;|50px||50px||true&#8221; custom_padding_phone=&#8221;24px|24px|24px|24px|true|true&#8221; animation_style=&#8221;zoom&#8221; animation_intensity_zoom=&#8221;2%&#8221; border_radii=&#8221;on|10px|10px|10px|10px&#8221; box_shadow_style=&#8221;preset3&#8243; box_shadow_vertical=&#8221;100px&#8221; box_shadow_blur=&#8221;100px&#8221; box_shadow_spread=&#8221;-120px&#8221; global_colors_info=&#8221;{}&#8221; theme_builder_area=&#8221;post_content&#8221;][et_pb_column type=&#8221;1_3&#8243; _builder_version=&#8221;4.16&#8243; custom_padding=&#8221;|||&#8221; global_colors_info=&#8221;{}&#8221; custom_padding__hover=&#8221;|||&#8221; theme_builder_area=&#8221;post_content&#8221;][et_pb_text _builder_version=&#8221;4.27.4&#8243; text_font=&#8221;Lato||||||||&#8221; text_line_height=&#8221;1.8em&#8221; link_font=&#8221;||||||||&#8221; link_text_color=&#8221;#ffffff&#8221; ul_font=&#8221;||||||||&#8221; ol_font=&#8221;||||||||&#8221; quote_font=&#8221;||||||||&#8221; header_font=&#8221;Poppins||||||||&#8221; header_font_size=&#8221;40px&#8221; header_2_font=&#8221;Poppins|700|||||||&#8221; header_2_font_size=&#8221;32px&#8221; header_2_line_height=&#8221;1.5em&#8221; header_3_font=&#8221;Poppins||||||||&#8221; header_4_font=&#8221;Poppins|700|||||||&#8221; header_4_font_size=&#8221;16px&#8221; header_4_line_height=&#8221;1.5em&#8221; header_5_font=&#8221;||||||||&#8221; header_6_font=&#8221;||||||||&#8221; background_layout=&#8221;dark&#8221; custom_margin=&#8221;70px||||false|false&#8221; custom_margin_tablet=&#8221;70px||||false|false&#8221; custom_margin_phone=&#8221;0px||||false|false&#8221; custom_margin_last_edited=&#8221;on|phone&#8221; custom_padding=&#8221;|||&#8221; header_font_size_tablet=&#8221;30px&#8221; header_font_size_phone=&#8221;24px&#8221; header_font_size_last_edited=&#8221;on|phone&#8221; header_2_font_size_tablet=&#8221;30px&#8221; header_2_font_size_phone=&#8221;&#8221; header_2_font_size_last_edited=&#8221;on|tablet&#8221; locked=&#8221;off&#8221; global_colors_info=&#8221;{}&#8221; theme_builder_area=&#8221;post_content&#8221;]<\/p>\n<h3>T\u00e9l\u00e9phone<\/h3>\n<p>+41 22 510 25 15<br \/>+33 6 40 83 53 55<\/p>\n<h3>Adresse<\/h3>\n<p><span>68 Route du Stand,<br \/><\/span><span>VD1260 Nyon, Suisse\u00a0<\/span><\/p>\n<p>[\/et_pb_text][\/et_pb_column][et_pb_column type=&#8221;2_3&#8243; _builder_version=&#8221;4.27.4&#8243; _module_preset=&#8221;default&#8221; global_colors_info=&#8221;{}&#8221; theme_builder_area=&#8221;post_content&#8221;][wpforms_selector form_id=&#8221;26537&#8243; show_title=&#8221;on&#8221; _builder_version=&#8221;4.27.4&#8243; _module_preset=&#8221;default&#8221; width=&#8221;99.9%&#8221; global_colors_info=&#8221;{}&#8221; theme_builder_area=&#8221;post_content&#8221;][\/wpforms_selector][\/et_pb_column][\/et_pb_row][\/et_pb_section]<\/p>\n","protected":false},"excerpt":{"rendered":"<p>Les styles de leadership correspondent \u00e0 la fa\u00e7on dont un dirigeant influence, d\u00e9cide, communique et mobilise ses \u00e9quipes. Il refl\u00e8te sa posture manag\u00e9riale, ses convictions et ses interactions avec son environnement, tout en \u00e9tant influenc\u00e9 par la culture de l\u2019entreprise, la maturit\u00e9 des \u00e9quipes et la personnalit\u00e9 du leader.<\/p>\n","protected":false},"author":1,"featured_media":28227,"comment_status":"open","ping_status":"closed","sticky":false,"template":"","format":"standard","meta":{"_et_pb_use_builder":"on","_et_pb_old_content":"","_et_gb_content_width":"","footnotes":""},"categories":[90],"tags":[],"class_list":["post-28200","post","type-post","status-publish","format-standard","has-post-thumbnail","hentry","category-leadership-management"],"_links":{"self":[{"href":"https:\/\/www.learning-partners.com\/fr\/wp-json\/wp\/v2\/posts\/28200","targetHints":{"allow":["GET"]}}],"collection":[{"href":"https:\/\/www.learning-partners.com\/fr\/wp-json\/wp\/v2\/posts"}],"about":[{"href":"https:\/\/www.learning-partners.com\/fr\/wp-json\/wp\/v2\/types\/post"}],"author":[{"embeddable":true,"href":"https:\/\/www.learning-partners.com\/fr\/wp-json\/wp\/v2\/users\/1"}],"replies":[{"embeddable":true,"href":"https:\/\/www.learning-partners.com\/fr\/wp-json\/wp\/v2\/comments?post=28200"}],"version-history":[{"count":0,"href":"https:\/\/www.learning-partners.com\/fr\/wp-json\/wp\/v2\/posts\/28200\/revisions"}],"wp:featuredmedia":[{"embeddable":true,"href":"https:\/\/www.learning-partners.com\/fr\/wp-json\/wp\/v2\/media\/28227"}],"wp:attachment":[{"href":"https:\/\/www.learning-partners.com\/fr\/wp-json\/wp\/v2\/media?parent=28200"}],"wp:term":[{"taxonomy":"category","embeddable":true,"href":"https:\/\/www.learning-partners.com\/fr\/wp-json\/wp\/v2\/categories?post=28200"},{"taxonomy":"post_tag","embeddable":true,"href":"https:\/\/www.learning-partners.com\/fr\/wp-json\/wp\/v2\/tags?post=28200"}],"curies":[{"name":"wp","href":"https:\/\/api.w.org\/{rel}","templated":true}]}}