{"id":27933,"date":"2025-06-14T15:30:41","date_gmt":"2025-06-14T14:30:41","guid":{"rendered":"https:\/\/www.learning-partners.com\/?p=27933"},"modified":"2026-04-10T14:54:02","modified_gmt":"2026-04-10T13:54:02","slug":"definition-communication-interpersonnelle","status":"publish","type":"post","link":"https:\/\/www.learning-partners.com\/fr\/blog\/cohesion-performance\/definition-communication-interpersonnelle\/","title":{"rendered":"D\u00e9finition communication interpersonnelle : comprendre les bases pour mieux collaborer"},"content":{"rendered":"<p>[et_pb_section fb_built=&#8221;1&#8243; _builder_version=&#8221;4.27.4&#8243; _module_preset=&#8221;default&#8221; custom_padding=&#8221;0px||0px|||&#8221; da_disable_devices=&#8221;off|off|off&#8221; global_colors_info=&#8221;{}&#8221; da_is_popup=&#8221;off&#8221; da_exit_intent=&#8221;off&#8221; da_has_close=&#8221;on&#8221; da_alt_close=&#8221;off&#8221; da_dark_close=&#8221;off&#8221; da_not_modal=&#8221;on&#8221; da_is_singular=&#8221;off&#8221; da_with_loader=&#8221;off&#8221; da_has_shadow=&#8221;on&#8221;][et_pb_row _builder_version=&#8221;4.27.4&#8243; _module_preset=&#8221;default&#8221; custom_padding=&#8221;||0px|||&#8221; global_colors_info=&#8221;{}&#8221;][et_pb_column type=&#8221;4_4&#8243; _builder_version=&#8221;4.27.4&#8243; _module_preset=&#8221;default&#8221; global_colors_info=&#8221;{}&#8221;][et_pb_toggle title=&#8221;Sommaire&#8221; open_toggle_text_color=&#8221;#FFFFFF&#8221; icon_color=&#8221;#FFFFFF&#8221; toggle_icon=&#8221;&#x3b;||divi||400&#8243; use_icon_font_size=&#8221;on&#8221; icon_font_size=&#8221;25px&#8221; open_icon_color=&#8221;#FFFFFF&#8221; open_toggle_icon=&#8221;&#x3d;||divi||400&#8243; open_use_icon_font_size=&#8221;on&#8221; open_icon_font_size=&#8221;25px&#8221; _builder_version=&#8221;4.27.4&#8243; _module_preset=&#8221;default&#8221; title_text_color=&#8221;#FFFFFF&#8221; title_level=&#8221;h2&#8243; title_font=&#8221;&#8211;et_global_body_font|600|||||||&#8221; title_font_size=&#8221;30px&#8221; title_line_height=&#8221;2rem&#8221; closed_title_font=&#8221;&#8211;et_global_body_font|600|||||||&#8221; closed_title_font_size=&#8221;30px&#8221; closed_title_line_height=&#8221;2rem&#8221; body_font=&#8221;&#8211;et_global_body_font||||||||&#8221; body_text_color=&#8221;RGBA(255,255,255,0)&#8221; background_color=&#8221;#1d3355&#8243; custom_padding=&#8221;40px|40px|40px|40px|true|true&#8221; border_radii=&#8221;on|20px|20px|20px|20px&#8221; global_colors_info=&#8221;{}&#8221;]<\/p>\n<p><span style=\"color: #ffffff;\"><a href=\"#sommaire-1\" style=\"color: #ffffff;\"><span style=\"font-weight: 400;\">La <strong>communication interpersonnelle<\/strong> : de quoi parle-t-on ?<\/span><\/a><\/span><\/p>\n<p><span style=\"color: #ffffff;\"><a href=\"#sommaire-2\" style=\"color: #ffffff;\"><span style=\"font-weight: 400;\">Quels sont <strong>les diff\u00e9rents types<\/strong> de communication interpersonnelle ?<\/span><\/a><\/span><\/p>\n<p><span style=\"color: #ffffff;\"><a href=\"#sommaire-3\" style=\"color: #ffffff;\"><span style=\"font-weight: 400;\">Pourquoi <strong>la communication interpersonnelle<\/strong> est-elle cruciale dans <\/span><\/a><a href=\"#sommaire-4\" style=\"color: #ffffff;\"><span style=\"font-weight: 400;\">l\u2019entreprise ?<\/span><\/a><\/span><\/p>\n<p><span style=\"color: #ffffff;\"><a href=\"#sommaire-4\" style=\"color: #ffffff;\"><span style=\"font-weight: 400;\"><strong>Quels sont les freins les plus fr\u00e9quents<\/strong> \u00e0 une bonne communication interpersonnelle ?<\/span><\/a><\/span><\/p>\n<p><span style=\"color: #ffffff;\"><a href=\"#sommaire-5\" style=\"color: #ffffff;\"><span style=\"font-weight: 400;\">Les <strong>6 cl\u00e9s pour mieux communiquer<\/strong> en 2025<\/span><\/a><\/span><\/p>\n<p><span style=\"color: #ffffff;\"><a href=\"#sommaire-6\" style=\"color: #ffffff;\"><span style=\"font-weight: 400;\">Bonus pour approfondir la communication interpersonnelle<\/span><\/a><\/span><\/p>\n<p><span style=\"color: #ffffff;\"><a href=\"#sommaire-7\" style=\"color: #ffffff;\"><span style=\"font-weight: 400;\">Faire de la communication interpersonnelle <strong>un levier de performance durable<\/strong><\/span><\/a><\/span><\/p>\n<p><span style=\"color: #ffffff;\"><a href=\"#sommaire-8\" style=\"color: #ffffff;\"><span style=\"font-weight: 400;\">FAQ sur la <strong>d\u00e9finition de la communication interpersonnelle<\/strong><\/span><\/a><\/span><\/p>\n<p><span style=\"color: #ffffff;\"><a href=\"#sommaire-9\" style=\"color: #ffffff;\"><strong>D\u00e9veloppez votre communication interpersonnelle<\/strong><\/a><\/span><\/p>\n<p>[\/et_pb_toggle][\/et_pb_column][\/et_pb_row][\/et_pb_section][et_pb_section fb_built=&#8221;1&#8243; _builder_version=&#8221;4.27.4&#8243; _module_preset=&#8221;default&#8221; custom_padding=&#8221;0px||0px|||&#8221; da_disable_devices=&#8221;off|off|off&#8221; global_colors_info=&#8221;{}&#8221; da_is_popup=&#8221;off&#8221; da_exit_intent=&#8221;off&#8221; da_has_close=&#8221;on&#8221; da_alt_close=&#8221;off&#8221; da_dark_close=&#8221;off&#8221; da_not_modal=&#8221;on&#8221; da_is_singular=&#8221;off&#8221; da_with_loader=&#8221;off&#8221; da_has_shadow=&#8221;on&#8221;][et_pb_row _builder_version=&#8221;4.27.4&#8243; _module_preset=&#8221;default&#8221; global_colors_info=&#8221;{}&#8221;][et_pb_column type=&#8221;4_4&#8243; _builder_version=&#8221;4.27.4&#8243; _module_preset=&#8221;default&#8221; global_colors_info=&#8221;{}&#8221;][et_pb_text _builder_version=&#8221;4.27.4&#8243; _module_preset=&#8221;default&#8221; text_font=&#8221;&#8211;et_global_body_font||||||||&#8221; text_line_height=&#8221;2rem&#8221; hover_enabled=&#8221;0&#8243; global_colors_info=&#8221;{}&#8221; sticky_enabled=&#8221;0&#8243;]<\/p>\n<p><b>Alors commen\u00e7ons par le d\u00e9but, d\u00e9finition communication interpersonnelle, c&#8217;est quoi ? <\/b>U<span style=\"font-weight: 400;\">ne expression que l\u2019on entend souvent\u2026 mais que signifie-t-elle concr\u00e8tement dans le monde du travail ? Dans un environnement o\u00f9 les \u00e9changes humains sont omnipr\u00e9sents, comprendre la <\/span><b>communication interpersonnelle en entreprise<\/b><span style=\"font-weight: 400;\"> est devenu un levier essentiel pour am\u00e9liorer la collaboration, pr\u00e9venir les conflits et renforcer le <\/span><b>climat organisationnel<\/b><span style=\"font-weight: 400;\">.<\/span><\/p>\n<p><span style=\"font-weight: 400;\">La <\/span><b>communication verbale et non verbale<\/b><span style=\"font-weight: 400;\">, les intentions, le contexte, les \u00e9motions\u2026 Autant de dimensions qui influencent nos interactions professionnelles. Pourtant, bien des malentendus ou tensions trouvent leur origine dans une <\/span><b>mauvaise compr\u00e9hension des m\u00e9canismes de communication interpersonnelle<\/b><span style=\"font-weight: 400;\">. Alors, comment la d\u00e9finir pr\u00e9cis\u00e9ment ? Quelles sont ses composantes ? Pourquoi est-elle si cruciale dans une organisation ?<\/span><\/p>\n<p><span style=\"font-weight: 400;\">Dans cet article, nous allons d\u00e9crypter la <\/span><b>d\u00e9finition de la communication interpersonnelle<\/b><span style=\"font-weight: 400;\">, en explorant ses <\/span><b>types<\/b><span style=\"font-weight: 400;\">, ses <\/span><b>enjeux<\/b><span style=\"font-weight: 400;\">, ses <\/span><b>obstacles<\/b><span style=\"font-weight: 400;\">, ainsi que les <\/span><b>comp\u00e9tences cl\u00e9s<\/b><span style=\"font-weight: 400;\"> pour la d\u00e9velopper efficacement. Que vous soyez manager, RH ou collaborateur, vous y trouverez des rep\u00e8res concrets et des exemples pratiques pour renforcer vos relations professionnelles.<\/span><\/p>\n<p><span style=\"font-weight: 400;\">Notre objectif : vous donner une compr\u00e9hension claire, pragmatique et actionnable de la <\/span><b>communication interpersonnelle<\/b><span style=\"font-weight: 400;\">, pour en faire un v\u00e9ritable atout au sein de votre entreprise.<\/span><\/p>\n<p>[\/et_pb_text][et_pb_text module_id=&#8221;sommaire-1&#8243; _builder_version=&#8221;4.27.4&#8243; _module_preset=&#8221;default&#8221; header_2_font=&#8221;&#8211;et_global_body_font||||||||&#8221; header_2_line_height=&#8221;2.5rem&#8221; header_2_font_size_tablet=&#8221;&#8221; header_2_font_size_phone=&#8221;24px&#8221; header_2_font_size_last_edited=&#8221;on|phone&#8221; global_colors_info=&#8221;{}&#8221;]<\/p>\n<h2><b>La communication interpersonnelle : de quoi parle-t-on ?<\/b><\/h2>\n<p>[\/et_pb_text][et_pb_text _builder_version=&#8221;4.27.4&#8243; _module_preset=&#8221;default&#8221; text_font=&#8221;&#8211;et_global_body_font||||||||&#8221; text_line_height=&#8221;2rem&#8221; global_colors_info=&#8221;{}&#8221;]<\/p>\n<p><span style=\"font-weight: 400;\">La <\/span><b>communication interpersonnelle<\/b><span style=\"font-weight: 400;\">, c\u2019est l\u2019ensemble des \u00e9changes verbaux et non verbaux entre deux personnes. Elle peut \u00eatre formelle ou informelle, synchrone ou diff\u00e9r\u00e9e, intentionnelle ou spontan\u00e9e. En milieu professionnel, elle joue un r\u00f4le fondamental dans la transmission des id\u00e9es, la r\u00e9solution des conflits ou la qualit\u00e9 des relations.<\/span><\/p>\n<p><span style=\"font-weight: 400;\">Loin de se limiter aux seuls mots, cette forme de communication implique aussi des \u00e9l\u00e9ments comme le ton de la voix, la posture, les silences, le regard. Autrement dit, <\/span><b>la communication interpersonnelle est \u00e0 la fois consciente et inconsciente<\/b><span style=\"font-weight: 400;\">, ce qui la rend complexe mais essentielle.<\/span><\/p>\n<p>[\/et_pb_text][\/et_pb_column][\/et_pb_row][\/et_pb_section][et_pb_section fb_built=&#8221;1&#8243; _builder_version=&#8221;4.27.4&#8243; _module_preset=&#8221;default&#8221; custom_padding=&#8221;0px||0px|||&#8221; da_disable_devices=&#8221;off|off|off&#8221; global_colors_info=&#8221;{}&#8221; da_is_popup=&#8221;off&#8221; da_exit_intent=&#8221;off&#8221; da_has_close=&#8221;on&#8221; da_alt_close=&#8221;off&#8221; da_dark_close=&#8221;off&#8221; da_not_modal=&#8221;on&#8221; da_is_singular=&#8221;off&#8221; da_with_loader=&#8221;off&#8221; da_has_shadow=&#8221;on&#8221;][et_pb_row _builder_version=&#8221;4.27.4&#8243; _module_preset=&#8221;default&#8221; custom_padding=&#8221;0px||0px|||&#8221; global_colors_info=&#8221;{}&#8221;][et_pb_column type=&#8221;4_4&#8243; _builder_version=&#8221;4.27.4&#8243; _module_preset=&#8221;default&#8221; global_colors_info=&#8221;{}&#8221;][et_pb_image src=&#8221;https:\/\/www.learning-partners.com\/wp-content\/uploads\/2025\/06\/composition-communication-interpersonnelle.webp&#8221; alt=&#8221;D\u00e9finition communication interpersonnelle : les composantes de la communication interpersonnelle, Learning Partners&#8221; title_text=&#8221;composition-communication-interpersonnelle&#8221; _builder_version=&#8221;4.27.4&#8243; _module_preset=&#8221;default&#8221; custom_margin=&#8221;1px|||||&#8221; border_radii=&#8221;on|10px|10px|10px|10px&#8221; global_colors_info=&#8221;{}&#8221;][\/et_pb_image][\/et_pb_column][\/et_pb_row][\/et_pb_section][et_pb_section fb_built=&#8221;1&#8243; _builder_version=&#8221;4.27.4&#8243; _module_preset=&#8221;default&#8221; custom_padding=&#8221;0px||0px|||&#8221; da_disable_devices=&#8221;off|off|off&#8221; global_colors_info=&#8221;{}&#8221; da_is_popup=&#8221;off&#8221; da_exit_intent=&#8221;off&#8221; da_has_close=&#8221;on&#8221; da_alt_close=&#8221;off&#8221; da_dark_close=&#8221;off&#8221; da_not_modal=&#8221;on&#8221; da_is_singular=&#8221;off&#8221; da_with_loader=&#8221;off&#8221; da_has_shadow=&#8221;on&#8221;][et_pb_row _builder_version=&#8221;4.27.4&#8243; _module_preset=&#8221;default&#8221; global_colors_info=&#8221;{}&#8221;][et_pb_column type=&#8221;4_4&#8243; _builder_version=&#8221;4.27.4&#8243; _module_preset=&#8221;default&#8221; global_colors_info=&#8221;{}&#8221;][et_pb_text module_id=&#8221;sommaire-2&#8243; _builder_version=&#8221;4.27.4&#8243; _module_preset=&#8221;default&#8221; header_2_font=&#8221;&#8211;et_global_body_font||||||||&#8221; header_2_line_height=&#8221;2.5rem&#8221; header_2_font_size_tablet=&#8221;&#8221; header_2_font_size_phone=&#8221;24px&#8221; header_2_font_size_last_edited=&#8221;on|phone&#8221; global_colors_info=&#8221;{}&#8221;]<\/p>\n<h2><b>Quels sont les diff\u00e9rents types de communication interpersonnelle ?<\/b><\/h2>\n<p>[\/et_pb_text][et_pb_text _builder_version=&#8221;4.27.4&#8243; _module_preset=&#8221;default&#8221; text_font=&#8221;&#8211;et_global_body_font||||||||&#8221; text_line_height=&#8221;2rem&#8221; global_colors_info=&#8221;{}&#8221;]<span style=\"font-weight: 400;\">Il existe plusieurs formes de communication interpersonnelle, que l\u2019on peut classer selon diff\u00e9rents crit\u00e8res. Les conna\u00eetre permet d\u2019adapter ses pratiques en fonction des contextes professionnels.<\/span><\/p>\n<p><span style=\"font-weight: 400;\">Voici les 4 principales cat\u00e9gories :<\/span><\/p>\n<ul>\n<li style=\"font-weight: 400;\" aria-level=\"1\"><b>La communication verbale<\/b><span style=\"font-weight: 400;\"> : repose sur l\u2019utilisation du langage oral ou \u00e9crit.<\/span><\/li>\n<\/ul>\n<p><span style=\"font-weight: 400;\"><\/span><\/p>\n<ul>\n<li style=\"font-weight: 400;\" aria-level=\"2\"><b>La communication non verbale<\/b><span style=\"font-weight: 400;\"> : s\u2019exprime via les gestes, postures, mimiques.<\/span><\/li>\n<\/ul>\n<p><span style=\"font-weight: 400;\"><\/span><\/p>\n<ul>\n<li style=\"font-weight: 400;\" aria-level=\"3\"><b>La communication paraverbale<\/b><span style=\"font-weight: 400;\"> : inclut le ton, le rythme, les pauses.<\/span><\/li>\n<\/ul>\n<p><span style=\"font-weight: 400;\"><\/span><\/p>\n<ul>\n<li style=\"font-weight: 400;\" aria-level=\"\"><span style=\"font-weight: 400;\"><b>La communication digitale et m\u00e9diatis\u00e9e<\/b><span> : mails, messageries, visioconf\u00e9rences.<\/span><\/span><\/li>\n<\/ul>\n<p><span style=\"font-weight: 400;\">Chacune a ses forces et ses limites. Dans un contexte hybride ou multiculturel, savoir jouer sur ces diff\u00e9rentes dimensions est une comp\u00e9tence-cl\u00e9.<\/span><\/p>\n<p><span style=\"font-weight: 400;\"><span>Pour aller plus loin, consultez l\u2019analyse de l\u2019Universit\u00e9 de Sherbrooke sur les <b>formes de communication. <\/b><a href=\"https:\/\/www.usherbrooke.ca\/\" target=\"_blank\" rel=\"dofollow noopener\">(consulter)<\/a><\/span><\/span>[\/et_pb_text][et_pb_text module_id=&#8221;sommaire-3&#8243; _builder_version=&#8221;4.27.4&#8243; _module_preset=&#8221;default&#8221; header_2_font=&#8221;&#8211;et_global_body_font||||||||&#8221; header_2_line_height=&#8221;2.5rem&#8221; header_2_font_size_tablet=&#8221;&#8221; header_2_font_size_phone=&#8221;23px&#8221; header_2_font_size_last_edited=&#8221;on|phone&#8221; global_colors_info=&#8221;{}&#8221;]<\/p>\n<h2><b>Pourquoi la communication interpersonnelle est-elle cruciale dans l\u2019entreprise ?<\/b><\/h2>\n<p>[\/et_pb_text][et_pb_text _builder_version=&#8221;4.27.4&#8243; _module_preset=&#8221;default&#8221; text_font=&#8221;&#8211;et_global_body_font||||||||&#8221; text_line_height=&#8221;2rem&#8221; global_colors_info=&#8221;{}&#8221;]<span style=\"font-weight: 400;\">Dans une entreprise, <\/span><b>une bonne communication interpersonnelle favorise la coh\u00e9sion<\/b><span style=\"font-weight: 400;\">, am\u00e9liore la productivit\u00e9 et r\u00e9duit les tensions. \u00c0 l\u2019inverse, des \u00e9changes inefficaces ou ambigus peuvent g\u00e9n\u00e9rer stress, malentendus et conflits latents.<\/span><\/p>\n<p><span style=\"font-weight: 400;\">Voici les b\u00e9n\u00e9fices concrets d\u2019une communication de qualit\u00e9 :<\/span><\/p>\n<ul>\n<li style=\"font-weight: 400;\" aria-level=\"1\"><span style=\"font-weight: 400;\">Renforce la <\/span><b>confiance<\/b><span style=\"font-weight: 400;\"> et l\u2019<\/span><b>engagement<\/b><span style=\"font-weight: 400;\"> entre les \u00e9quipes.<\/span><span style=\"font-weight: 400;\"><\/span><\/li>\n<li style=\"font-weight: 400;\" aria-level=\"1\"><span style=\"font-weight: 400;\">Am\u00e9liore la <\/span><b>qualit\u00e9 des feedbacks<\/b><span style=\"font-weight: 400;\"> et des prises de d\u00e9cision.<\/span><span style=\"font-weight: 400;\"><\/span><\/li>\n<li style=\"font-weight: 400;\" aria-level=\"1\"><span style=\"font-weight: 400;\">Diminue les risques d\u2019erreurs, de doublons ou de d\u00e9salignement.<\/span><span style=\"font-weight: 400;\"><\/span><\/li>\n<\/ul>\n<p><span style=\"font-weight: 400;\">Cr\u00e9e un <\/span><b>climat de travail plus serein<\/b><span style=\"font-weight: 400;\">, propice \u00e0 la collaboration. Ci-dessous, tableau r\u00e9sumant l&#8217;impact d&#8217;une communication efficace versus une communication d\u00e9faillante.<\/span><\/p>\n<p><span style=\"font-weight: 400;\"><\/span>Selon <a href=\"https:\/\/hbr.org\/\" target=\"_blank\" rel=\"dofollow noopener\">Harvard Business Review<\/a>, 70% des erreurs strat\u00e9giques sont li\u00e9es \u00e0 des probl\u00e8mes de communication.[\/et_pb_text][\/et_pb_column][\/et_pb_row][\/et_pb_section][et_pb_section fb_built=&#8221;1&#8243; _builder_version=&#8221;4.27.4&#8243; _module_preset=&#8221;default&#8221; custom_padding=&#8221;0px||0px|||&#8221; da_disable_devices=&#8221;off|off|off&#8221; global_colors_info=&#8221;{}&#8221; da_is_popup=&#8221;off&#8221; da_exit_intent=&#8221;off&#8221; da_has_close=&#8221;on&#8221; da_alt_close=&#8221;off&#8221; da_dark_close=&#8221;off&#8221; da_not_modal=&#8221;on&#8221; da_is_singular=&#8221;off&#8221; da_with_loader=&#8221;off&#8221; da_has_shadow=&#8221;on&#8221;][et_pb_row _builder_version=&#8221;4.27.4&#8243; _module_preset=&#8221;default&#8221; custom_padding=&#8221;0px||0px|||&#8221; global_colors_info=&#8221;{}&#8221;][et_pb_column type=&#8221;4_4&#8243; _builder_version=&#8221;4.27.4&#8243; _module_preset=&#8221;default&#8221; global_colors_info=&#8221;{}&#8221;][et_pb_image src=&#8221;https:\/\/www.learning-partners.com\/wp-content\/uploads\/2025\/06\/tableau-impact-communication-interpersonnelle-efficace-defaillante.webp&#8221; alt=&#8221;D\u00e9finition communication interpersonnelle : tableau r\u00e9sum\u00e9, impact d&#8217;une communication efficace versus une communication d\u00e9faillante, Learning Partners&#8221; title_text=&#8221;tableau-impact-communication-interpersonnelle-efficace-defaillante&#8221; _builder_version=&#8221;4.27.4&#8243; _module_preset=&#8221;default&#8221; custom_margin=&#8221;1px|||||&#8221; border_radii=&#8221;on|10px|10px|10px|10px&#8221; global_colors_info=&#8221;{}&#8221;][\/et_pb_image][\/et_pb_column][\/et_pb_row][\/et_pb_section][et_pb_section fb_built=&#8221;1&#8243; _builder_version=&#8221;4.27.4&#8243; _module_preset=&#8221;default&#8221; custom_padding=&#8221;0px||0px|||&#8221; da_disable_devices=&#8221;off|off|off&#8221; global_colors_info=&#8221;{}&#8221; da_is_popup=&#8221;off&#8221; da_exit_intent=&#8221;off&#8221; da_has_close=&#8221;on&#8221; da_alt_close=&#8221;off&#8221; da_dark_close=&#8221;off&#8221; da_not_modal=&#8221;on&#8221; da_is_singular=&#8221;off&#8221; da_with_loader=&#8221;off&#8221; da_has_shadow=&#8221;on&#8221;][et_pb_row _builder_version=&#8221;4.27.4&#8243; _module_preset=&#8221;default&#8221; global_colors_info=&#8221;{}&#8221;][et_pb_column type=&#8221;4_4&#8243; _builder_version=&#8221;4.27.4&#8243; _module_preset=&#8221;default&#8221; global_colors_info=&#8221;{}&#8221;][et_pb_text module_id=&#8221;sommaire-4&#8243; _builder_version=&#8221;4.27.4&#8243; _module_preset=&#8221;default&#8221; header_2_font=&#8221;&#8211;et_global_body_font||||||||&#8221; header_2_line_height=&#8221;2.5rem&#8221; header_2_font_size_tablet=&#8221;&#8221; header_2_font_size_phone=&#8221;24px&#8221; header_2_font_size_last_edited=&#8221;on|phone&#8221; global_colors_info=&#8221;{}&#8221;]<\/p>\n<h2><b>Quels sont les freins les plus fr\u00e9quents \u00e0 une bonne communication interpersonnelle ?<\/b><\/h2>\n<p>[\/et_pb_text][et_pb_text _builder_version=&#8221;4.27.4&#8243; _module_preset=&#8221;default&#8221; text_font=&#8221;&#8211;et_global_body_font||||||||&#8221; text_line_height=&#8221;2rem&#8221; global_colors_info=&#8221;{}&#8221;]<\/p>\n<p><span style=\"font-weight: 400;\">M\u00eame les meilleurs communicants rencontrent des obstacles. Il est essentiel de les rep\u00e9rer pour pouvoir les contourner ou les d\u00e9samorcer.<\/span><\/p>\n<p><span style=\"font-weight: 400;\">Parmi les plus courants :<\/span><\/p>\n<ul>\n<li style=\"font-weight: 400;\" aria-level=\"1\"><b>Les biais cognitifs<\/b><span style=\"font-weight: 400;\"> : interpr\u00e9tations h\u00e2tives, g\u00e9n\u00e9ralisations.<\/span><span style=\"font-weight: 400;\"><\/span><\/li>\n<li style=\"font-weight: 400;\" aria-level=\"1\"><b>Le manque d\u2019\u00e9coute active<\/b><span style=\"font-weight: 400;\"> : tendance \u00e0 vouloir r\u00e9pondre plut\u00f4t que comprendre.<\/span><span style=\"font-weight: 400;\"><\/span><\/li>\n<li style=\"font-weight: 400;\" aria-level=\"1\"><b>Les \u00e9motions non exprim\u00e9es<\/b><span style=\"font-weight: 400;\"> : frustration, col\u00e8re, anxi\u00e9t\u00e9 mal canalis\u00e9es.<\/span><span style=\"font-weight: 400;\"><\/span><\/li>\n<li style=\"font-weight: 400;\" aria-level=\"1\"><b>Les diff\u00e9rences culturelles ou hi\u00e9rarchiques<\/b><span style=\"font-weight: 400;\"> : barri\u00e8res implicites aux \u00e9changes.<\/span><span style=\"font-weight: 400;\"><\/span><\/li>\n<li style=\"font-weight: 400;\" aria-level=\"1\"><b>Les outils num\u00e9riques mal utilis\u00e9s<\/b><span style=\"font-weight: 400;\"> : messages mal formul\u00e9s, ton mal per\u00e7u.<\/span><span style=\"font-weight: 400;\"><\/span><\/li>\n<\/ul>\n<p><span style=\"font-weight: 400;\">Ces freins ne sont pas une fatalit\u00e9. Avec des m\u00e9thodes et outils adapt\u00e9s, il est possible de fluidifier les \u00e9changes. Pour approfondir le sujet, vous pouvez <strong><a href=\"https:\/\/www.learning-partners.com\/fr\/obstacles-communication-interpersonnelle\/\" target=\"_blank\" rel=\"dofollow noopener\">consulter notre article sur les obstacles \u00e0 la communication interpersonnelle.<\/a><\/strong><\/span><\/p>\n<p>[\/et_pb_text][\/et_pb_column][\/et_pb_row][\/et_pb_section][et_pb_section fb_built=&#8221;1&#8243; _builder_version=&#8221;4.27.4&#8243; _module_preset=&#8221;default&#8221; custom_padding=&#8221;0px||0px|||&#8221; da_disable_devices=&#8221;off|off|off&#8221; global_colors_info=&#8221;{}&#8221; da_is_popup=&#8221;off&#8221; da_exit_intent=&#8221;off&#8221; da_has_close=&#8221;on&#8221; da_alt_close=&#8221;off&#8221; da_dark_close=&#8221;off&#8221; da_not_modal=&#8221;on&#8221; da_is_singular=&#8221;off&#8221; da_with_loader=&#8221;off&#8221; da_has_shadow=&#8221;on&#8221;][et_pb_row _builder_version=&#8221;4.27.4&#8243; _module_preset=&#8221;default&#8221; custom_padding=&#8221;0px||0px|||&#8221; global_colors_info=&#8221;{}&#8221;][et_pb_column type=&#8221;4_4&#8243; _builder_version=&#8221;4.27.4&#8243; _module_preset=&#8221;default&#8221; global_colors_info=&#8221;{}&#8221;][et_pb_image src=&#8221;https:\/\/www.learning-partners.com\/wp-content\/uploads\/2025\/06\/5-freins-communication-interpersonnelle.webp&#8221; alt=&#8221;Les 5 freins principaux \u00e0 la communication interpersonnelle, Learning Partners&#8221; title_text=&#8221;5-freins-communication-interpersonnelle&#8221; _builder_version=&#8221;4.27.4&#8243; _module_preset=&#8221;default&#8221; custom_margin=&#8221;1px|||||&#8221; border_radii=&#8221;on|10px|10px|10px|10px&#8221; global_colors_info=&#8221;{}&#8221;][\/et_pb_image][\/et_pb_column][\/et_pb_row][\/et_pb_section][et_pb_section fb_built=&#8221;1&#8243; _builder_version=&#8221;4.27.4&#8243; _module_preset=&#8221;default&#8221; custom_padding=&#8221;0px||0px|||&#8221; da_disable_devices=&#8221;off|off|off&#8221; global_colors_info=&#8221;{}&#8221; da_is_popup=&#8221;off&#8221; da_exit_intent=&#8221;off&#8221; da_has_close=&#8221;on&#8221; da_alt_close=&#8221;off&#8221; da_dark_close=&#8221;off&#8221; da_not_modal=&#8221;on&#8221; da_is_singular=&#8221;off&#8221; da_with_loader=&#8221;off&#8221; da_has_shadow=&#8221;on&#8221;][et_pb_row _builder_version=&#8221;4.27.4&#8243; _module_preset=&#8221;default&#8221; custom_padding=&#8221;||0px|||&#8221; global_colors_info=&#8221;{}&#8221;][et_pb_column type=&#8221;4_4&#8243; _builder_version=&#8221;4.27.4&#8243; _module_preset=&#8221;default&#8221; global_colors_info=&#8221;{}&#8221;][et_pb_text module_id=&#8221;sommaire-5&#8243; _builder_version=&#8221;4.27.4&#8243; _module_preset=&#8221;default&#8221; header_2_font=&#8221;&#8211;et_global_body_font||||||||&#8221; header_2_line_height=&#8221;2.5rem&#8221; header_2_font_size_tablet=&#8221;&#8221; header_2_font_size_phone=&#8221;24px&#8221; header_2_font_size_last_edited=&#8221;on|phone&#8221; global_colors_info=&#8221;{}&#8221;]<\/p>\n<h2><b>Les 6 cl\u00e9s pour mieux communiquer en 2025<\/b><\/h2>\n<p>[\/et_pb_text][et_pb_text _builder_version=&#8221;4.27.4&#8243; _module_preset=&#8221;default&#8221; text_font=&#8221;&#8211;et_global_body_font||||||||&#8221; text_line_height=&#8221;2rem&#8221; global_colors_info=&#8221;{}&#8221;]<\/p>\n<p><strong data-start=\"87\" data-end=\"116\">Mieux communiquer en 2025<\/strong>, ce n\u2019est plus seulement savoir parler ou \u00e9couter. C\u2019est comprendre, s\u2019adapter, et cr\u00e9er du lien dans un monde hyperconnect\u00e9, hybride et exigeant. \u00c0 l\u2019\u00e8re de l\u2019intelligence \u00e9motionnelle, des \u00e9changes asynchrones et de la surcharge informationnelle, certaines comp\u00e9tences deviennent essentielles. Voici <strong data-start=\"419\" data-end=\"439\">6 cl\u00e9s concr\u00e8tes<\/strong> pour renforcer vos interactions professionnelles et faire de votre communication un v\u00e9ritable levier de performance et de coh\u00e9sion.<\/p>\n<p>[\/et_pb_text][et_pb_text _builder_version=&#8221;4.27.4&#8243; _module_preset=&#8221;default&#8221; header_2_font=&#8221;&#8211;et_global_body_font||||||||&#8221; header_2_line_height=&#8221;2rem&#8221; header_3_font=&#8221;&#8211;et_global_body_font||||||||&#8221; header_3_line_height=&#8221;2.5rem&#8221; global_colors_info=&#8221;{}&#8221;]<\/p>\n<h3><b>1. L&#8217;\u00e9coute active radicale<\/b><\/h3>\n<p>[\/et_pb_text][et_pb_text _builder_version=&#8221;4.27.4&#8243; _module_preset=&#8221;default&#8221; text_font=&#8221;&#8211;et_global_body_font||||||||&#8221; text_line_height=&#8221;2rem&#8221; global_colors_info=&#8221;{}&#8221;]<\/p>\n<p><span style=\"font-weight: 400;\">Ce n\u2019est plus suffisant d\u2019\u00e9couter pour r\u00e9pondre. En 2025, on <\/span><b>\u00e9coute pour comprendre<\/b><span style=\"font-weight: 400;\">, sans interrompre, sans anticiper, sans juger. Cela implique :<\/span><\/p>\n<p><span style=\"font-weight: 400;\"><\/span><\/p>\n<ul>\n<li style=\"font-weight: 400;\" aria-level=\"1\"><span style=\"font-weight: 400;\"><strong>Reformuler<\/strong> pour v\u00e9rifier la compr\u00e9hension.<\/span><span style=\"font-weight: 400;\">\n<p><\/span><\/li>\n<li style=\"font-weight: 400;\" aria-level=\"1\"><span style=\"font-weight: 400;\"><strong>Poser<\/strong> des questions ouvertes.<\/span><span style=\"font-weight: 400;\">\n<p><\/span><\/li>\n<li style=\"font-weight: 400;\" aria-level=\"1\"><span style=\"font-weight: 400;\"><strong>\u00catre 100 % pr\u00e9sent<\/strong>, sans \u00e9cran ni distraction.<\/span><\/li>\n<\/ul>\n<p>[\/et_pb_text][et_pb_text _builder_version=&#8221;4.27.4&#8243; _module_preset=&#8221;default&#8221; header_2_font=&#8221;&#8211;et_global_body_font||||||||&#8221; header_2_line_height=&#8221;2rem&#8221; header_3_font=&#8221;&#8211;et_global_body_font||||||||&#8221; header_3_line_height=&#8221;2.5rem&#8221; global_colors_info=&#8221;{}&#8221;]<\/p>\n<h3><b>2. La clart\u00e9 \u00e9motionnelle<\/b><\/h3>\n<p>[\/et_pb_text][et_pb_text _builder_version=&#8221;4.27.4&#8243; _module_preset=&#8221;default&#8221; text_font=&#8221;&#8211;et_global_body_font||||||||&#8221; text_line_height=&#8221;2rem&#8221; global_colors_info=&#8221;{}&#8221;]<\/p>\n<p><span style=\"font-weight: 400;\">Dans un monde professionnel o\u00f9 les \u00e9motions sont omnipr\u00e9sentes (stress, incertitude, charge mentale), <\/span><b>savoir nommer et r\u00e9guler ses \u00e9motions<\/b><span style=\"font-weight: 400;\"> devient une comp\u00e9tence cl\u00e9. Ce n\u2019est pas \u00eatre \u00ab \u00e9motionnel \u00bb, c\u2019est \u00eatre <\/span><b>\u00e9motionnellement lucide<\/b><span style=\"font-weight: 400;\">.<\/span><\/p>\n<p>[\/et_pb_text][et_pb_text _builder_version=&#8221;4.27.4&#8243; _module_preset=&#8221;default&#8221; header_2_font=&#8221;&#8211;et_global_body_font||||||||&#8221; header_2_line_height=&#8221;2rem&#8221; header_3_font=&#8221;&#8211;et_global_body_font||||||||&#8221; header_3_line_height=&#8221;2.5rem&#8221; global_colors_info=&#8221;{}&#8221;]<\/p>\n<h3><b>3. L\u2019adaptation au canal (et au contexte)<\/b><\/h3>\n<p>[\/et_pb_text][et_pb_text _builder_version=&#8221;4.27.4&#8243; _module_preset=&#8221;default&#8221; text_font=&#8221;&#8211;et_global_body_font||||||||&#8221; text_line_height=&#8221;2rem&#8221; global_colors_info=&#8221;{}&#8221;]<\/p>\n<p><span style=\"font-weight: 400;\">Slack, Zoom, email, WhatsApp, r\u00e9unions&#8230; En 2025, les bons communicants choisissent <\/span><b>le bon canal au bon moment<\/b><span style=\"font-weight: 400;\">, selon :<\/span><\/p>\n<p><span style=\"font-weight: 400;\"><\/span><\/p>\n<ul>\n<li style=\"font-weight: 400;\" aria-level=\"1\"><span style=\"font-weight: 400;\">L\u2019urgence.<\/span><span style=\"font-weight: 400;\">\n<p><\/span><\/li>\n<li style=\"font-weight: 400;\" aria-level=\"1\"><span style=\"font-weight: 400;\">Le niveau de sensibilit\u00e9.<\/span><span style=\"font-weight: 400;\">\n<p><\/span><\/li>\n<li style=\"font-weight: 400;\" aria-level=\"1\"><span style=\"font-weight: 400;\">Le besoin de clart\u00e9 ou de nuance.<\/span><\/li>\n<\/ul>\n<p>[\/et_pb_text][et_pb_text _builder_version=&#8221;4.27.4&#8243; _module_preset=&#8221;default&#8221; header_2_font=&#8221;&#8211;et_global_body_font||||||||&#8221; header_2_line_height=&#8221;2rem&#8221; header_3_font=&#8221;&#8211;et_global_body_font||||||||&#8221; header_3_line_height=&#8221;2.5rem&#8221; global_colors_info=&#8221;{}&#8221;]<\/p>\n<h3><b>4. La ma\u00eetrise du non verbal hybride<\/b><\/h3>\n<p>[\/et_pb_text][et_pb_text _builder_version=&#8221;4.27.4&#8243; _module_preset=&#8221;default&#8221; text_font=&#8221;&#8211;et_global_body_font||||||||&#8221; text_line_height=&#8221;2rem&#8221; global_colors_info=&#8221;{}&#8221;]<\/p>\n<p><span style=\"font-weight: 400;\">Avec la g\u00e9n\u00e9ralisation des visios, la communication non verbale a chang\u00e9. On doit :<\/span><\/p>\n<p><span style=\"font-weight: 400;\"><\/span><\/p>\n<ul>\n<li style=\"font-weight: 400;\" aria-level=\"1\"><span style=\"font-weight: 400;\">Travailler <\/span><b>la posture, la voix, le regard<\/b><span style=\"font-weight: 400;\"> en cam\u00e9ra.<\/span><span style=\"font-weight: 400;\">\n<p><\/span><\/li>\n<li style=\"font-weight: 400;\" aria-level=\"1\"><span style=\"font-weight: 400;\">Lire les signaux faibles <\/span><b>m\u00eame \u00e0 distance<\/b><span style=\"font-weight: 400;\">.<\/span><span style=\"font-weight: 400;\">\n<p><\/span><\/li>\n<li style=\"font-weight: 400;\" aria-level=\"1\"><span style=\"font-weight: 400;\">Garder une coh\u00e9rence entre le verbal et le non verbal.<\/span><\/li>\n<\/ul>\n<p>[\/et_pb_text][et_pb_text _builder_version=&#8221;4.27.4&#8243; _module_preset=&#8221;default&#8221; header_2_font=&#8221;&#8211;et_global_body_font||||||||&#8221; header_2_line_height=&#8221;2rem&#8221; header_3_font=&#8221;&#8211;et_global_body_font||||||||&#8221; header_3_line_height=&#8221;2.5rem&#8221; global_colors_info=&#8221;{}&#8221;]<\/p>\n<h3><b>5. La communication inclusive<\/b><\/h3>\n<p>[\/et_pb_text][et_pb_text _builder_version=&#8221;4.27.4&#8243; _module_preset=&#8221;default&#8221; text_font=&#8221;&#8211;et_global_body_font||||||||&#8221; text_line_height=&#8221;2rem&#8221; global_colors_info=&#8221;{}&#8221;]<\/p>\n<p><span style=\"font-weight: 400;\">Travailler avec des profils diff\u00e9rents demande une communication plus inclusive :<\/span><\/p>\n<p><span style=\"font-weight: 400;\"><\/span><\/p>\n<ul>\n<li style=\"font-weight: 400;\" aria-level=\"1\"><span style=\"font-weight: 400;\"><strong>Bannir<\/strong> les expressions ambig\u00fces, sexistes ou excluantes.<\/span><span style=\"font-weight: 400;\">\n<p><\/span><\/li>\n<li style=\"font-weight: 400;\" aria-level=\"1\"><b>Clarifier<\/b> les intentions<span style=\"font-weight: 400;\">.<\/span><span style=\"font-weight: 400;\">\n<p><\/span><\/li>\n<li style=\"font-weight: 400;\" aria-level=\"1\"><span style=\"font-weight: 400;\"><strong>Accueillir<\/strong> les objections sans r\u00e9agir en d\u00e9fensif.<\/span><\/li>\n<\/ul>\n<p>[\/et_pb_text][et_pb_text _builder_version=&#8221;4.27.4&#8243; _module_preset=&#8221;default&#8221; header_2_font=&#8221;&#8211;et_global_body_font||||||||&#8221; header_2_line_height=&#8221;2rem&#8221; header_3_font=&#8221;&#8211;et_global_body_font||||||||&#8221; header_3_line_height=&#8221;2.5rem&#8221; global_colors_info=&#8221;{}&#8221;]<\/p>\n<h3><b>6. Le feedback constructif en continu<\/b><\/h3>\n<p>[\/et_pb_text][et_pb_text _builder_version=&#8221;4.27.4&#8243; _module_preset=&#8221;default&#8221; text_font=&#8221;&#8211;et_global_body_font||||||||&#8221; text_line_height=&#8221;2rem&#8221; global_colors_info=&#8221;{}&#8221;]<\/p>\n<p><span style=\"font-weight: 400;\">Fini le feedback annuel. En 2025, les \u00e9quipes performantes instaurent :<\/span><\/p>\n<p><span style=\"font-weight: 400;\"><\/span><\/p>\n<ul>\n<li style=\"font-weight: 400;\" aria-level=\"1\"><span style=\"font-weight: 400;\">Un <\/span><b>feedback <\/b>court, r\u00e9gulier, bienveillant<span style=\"font-weight: 400;\">.<\/span><span style=\"font-weight: 400;\">\n<p><\/span><\/li>\n<li style=\"font-weight: 400;\" aria-level=\"1\"><span style=\"font-weight: 400;\">Des <strong>rituels de communication<\/strong> (revues, r\u00e9trospectives).<\/span><span style=\"font-weight: 400;\">\n<p><\/span><\/li>\n<li style=\"font-weight: 400;\" aria-level=\"1\"><span style=\"font-weight: 400;\">Une <strong>culture de l\u2019ajustement<\/strong>, pas du jugement.<\/span><\/li>\n<\/ul>\n<p>[\/et_pb_text][\/et_pb_column][\/et_pb_row][\/et_pb_section][et_pb_section fb_built=&#8221;1&#8243; _builder_version=&#8221;4.27.4&#8243; _module_preset=&#8221;default&#8221; custom_padding=&#8221;0px||0px|||&#8221; da_disable_devices=&#8221;off|off|off&#8221; global_colors_info=&#8221;{}&#8221; da_is_popup=&#8221;off&#8221; da_exit_intent=&#8221;off&#8221; da_has_close=&#8221;on&#8221; da_alt_close=&#8221;off&#8221; da_dark_close=&#8221;off&#8221; da_not_modal=&#8221;on&#8221; da_is_singular=&#8221;off&#8221; da_with_loader=&#8221;off&#8221; da_has_shadow=&#8221;on&#8221;][et_pb_row _builder_version=&#8221;4.27.4&#8243; _module_preset=&#8221;default&#8221; custom_padding=&#8221;0px|||||&#8221; global_colors_info=&#8221;{}&#8221;][et_pb_column type=&#8221;4_4&#8243; _builder_version=&#8221;4.27.4&#8243; _module_preset=&#8221;default&#8221; global_colors_info=&#8221;{}&#8221;][et_pb_text module_id=&#8221;sommaire-6&#8243; _builder_version=&#8221;4.27.4&#8243; _module_preset=&#8221;default&#8221; header_2_font=&#8221;&#8211;et_global_body_font||||||||&#8221; header_2_line_height=&#8221;2.5rem&#8221; header_2_font_size_tablet=&#8221;&#8221; header_2_font_size_phone=&#8221;24px&#8221; header_2_font_size_last_edited=&#8221;on|phone&#8221; global_colors_info=&#8221;{}&#8221;]<\/p>\n<h2><b>Bonus pour approfondir la d\u00e9finition communication interpersonnelle<\/b><\/h2>\n<p>[\/et_pb_text][et_pb_text _builder_version=&#8221;4.27.4&#8243; _module_preset=&#8221;default&#8221; text_font=&#8221;&#8211;et_global_body_font||||||||&#8221; text_line_height=&#8221;2rem&#8221; global_colors_info=&#8221;{}&#8221;]<\/p>\n<p><span style=\"font-weight: 400;\">Vous souhaitez aller plus loin ? Voici des contenus compl\u00e9mentaires \u00e0 explorer pour d\u00e9velopper vos comp\u00e9tences relationnelles au service de votre performance collective :<\/span><\/p>\n<ul>\n<li style=\"font-weight: 400;\" aria-level=\"1\"><strong>Livre blanc <\/strong><i><span style=\"font-weight: 400;\">Comprendre la communication humaine en entreprise<\/span><\/i><i><span style=\"font-weight: 400;\"><\/span><\/i><\/li>\n<li style=\"font-weight: 400;\" aria-level=\"1\"><a href=\"#contact-learning-partners-wpforms\"><span style=\"font-weight: 400;\"><strong>Formation Learning Partners<\/strong> : <\/span><i><span style=\"font-weight: 400;\">Communiquer avec impact en \u00e9quipe<\/span><\/i><\/a><\/li>\n<\/ul>\n<p><span style=\"font-weight: 400;\">Ces ressources vous aideront \u00e0 faire de la <\/span><b>communication interpersonnelle<\/b><span style=\"font-weight: 400;\"> un levier puissant d\u2019alignement, d\u2019engagement et de leadership.<\/span><\/p>\n<p>[\/et_pb_text][et_pb_text module_id=&#8221;sommaire-7&#8243; _builder_version=&#8221;4.27.4&#8243; _module_preset=&#8221;default&#8221; header_2_font=&#8221;&#8211;et_global_body_font||||||||&#8221; header_2_line_height=&#8221;2.5rem&#8221; header_2_font_size_tablet=&#8221;&#8221; header_2_font_size_phone=&#8221;24px&#8221; header_2_font_size_last_edited=&#8221;on|phone&#8221; global_colors_info=&#8221;{}&#8221;]<\/p>\n<h2><b>Faire de la communication interpersonnelle un levier de performance durable<\/b><\/h2>\n<p>[\/et_pb_text][et_pb_text _builder_version=&#8221;4.27.4&#8243; _module_preset=&#8221;default&#8221; text_font=&#8221;&#8211;et_global_body_font||||||||&#8221; text_line_height=&#8221;2rem&#8221; global_colors_info=&#8221;{}&#8221;]<\/p>\n<p><span style=\"font-weight: 400;\">La <\/span><b>communication interpersonnelle<\/b><span style=\"font-weight: 400;\"> ne se limite pas \u00e0 transmettre des messages : elle fa\u00e7onne les relations, influence la qualit\u00e9 du travail collaboratif et conditionne la performance collective. Comprendre les <\/span><b>diff\u00e9rents types de communication<\/b><span style=\"font-weight: 400;\">, identifier les <\/span><b>obstacles fr\u00e9quents<\/b><span style=\"font-weight: 400;\">, puis apprendre \u00e0 les surmonter par des pratiques adapt\u00e9es est une comp\u00e9tence incontournable dans toute organisation humaine.<\/span><\/p>\n<p><span style=\"font-weight: 400;\">Pour les managers comme pour les collaborateurs, il s\u2019agit avant tout de d\u00e9velopper des comp\u00e9tences relationnelles durables : <\/span><b>\u00e9coute active<\/b><span style=\"font-weight: 400;\">, clart\u00e9 d\u2019expression, gestion des \u00e9motions, adaptation du canal et du langage selon le contexte.<\/span><\/p>\n<p><span style=\"font-weight: 400;\">Chez <\/span><b>Learning Partners<\/b><span style=\"font-weight: 400;\">, nous accompagnons les entreprises et leurs \u00e9quipes pour que la communication ne soit plus une source de friction, mais un v\u00e9ritable <\/span><b>levier de coh\u00e9sion et de leadership<\/b><span style=\"font-weight: 400;\">. Que vous souhaitiez former vos managers, aligner vos \u00e9quipes ou d\u00e9ployer un programme sur-mesure, nos experts sont \u00e0 votre \u00e9coute.<\/span><\/p>\n<p>[\/et_pb_text][\/et_pb_column][\/et_pb_row][\/et_pb_section][et_pb_section fb_built=&#8221;1&#8243; _builder_version=&#8221;4.27.4&#8243; _module_preset=&#8221;default&#8221; custom_padding=&#8221;0px||0px|||&#8221; da_disable_devices=&#8221;off|off|off&#8221; global_colors_info=&#8221;{}&#8221; da_is_popup=&#8221;off&#8221; da_exit_intent=&#8221;off&#8221; da_has_close=&#8221;on&#8221; da_alt_close=&#8221;off&#8221; da_dark_close=&#8221;off&#8221; da_not_modal=&#8221;on&#8221; da_is_singular=&#8221;off&#8221; da_with_loader=&#8221;off&#8221; da_has_shadow=&#8221;on&#8221;][et_pb_row _builder_version=&#8221;4.27.4&#8243; _module_preset=&#8221;default&#8221; global_colors_info=&#8221;{}&#8221;][et_pb_column type=&#8221;4_4&#8243; _builder_version=&#8221;4.27.4&#8243; _module_preset=&#8221;default&#8221; global_colors_info=&#8221;{}&#8221;][et_pb_text module_id=&#8221;sommaire-8&#8243; _builder_version=&#8221;4.27.4&#8243; _module_preset=&#8221;default&#8221; header_2_font=&#8221;&#8211;et_global_body_font||||||||&#8221; header_2_line_height=&#8221;2.5rem&#8221; header_2_font_size_tablet=&#8221;&#8221; header_2_font_size_phone=&#8221;24px&#8221; header_2_font_size_last_edited=&#8221;on|phone&#8221; global_colors_info=&#8221;{}&#8221;]<\/p>\n<h2><b>FAQ sur la d\u00e9finition communication interpersonnelle<\/b><\/h2>\n<p>[\/et_pb_text][et_pb_accordion open_toggle_text_color=&#8221;#FFFFFF&#8221; open_toggle_background_color=&#8221;#5a7fb0&#8243; closed_toggle_background_color=&#8221;#5a7fb0&#8243; toggle_icon=&#8221;&#x37;||divi||400&#8243; icon_color=&#8221;#FFFFFF&#8221; use_icon_font_size=&#8221;on&#8221; icon_font_size=&#8221;20px&#8221; _builder_version=&#8221;4.27.4&#8243; _module_preset=&#8221;default&#8221; toggle_text_color=&#8221;#FFFFFF&#8221; toggle_level=&#8221;h3&#8243; toggle_font=&#8221;&#8211;et_global_body_font|600|||||||&#8221; toggle_font_size=&#8221;18px&#8221; toggle_line_height=&#8221;2em&#8221; body_font=&#8221;&#8211;et_global_body_font||||||||&#8221; body_text_color=&#8221;#FFFFFF&#8221; background_color=&#8221;RGBA(255,255,255,0)&#8221; custom_padding=&#8221;20px|0px|0px|0px|false|false&#8221; border_radii=&#8221;on|10px|10px|10px|10px&#8221; border_width_all=&#8221;0px&#8221; global_colors_info=&#8221;{}&#8221;][et_pb_accordion_item title=&#8221;Qu&#8217;est-ce que la communication interpersonnelle en entreprise ?&#8221; icon_color=&#8221;#FFFFFF&#8221; toggle_icon=&#8221;&#x37;||divi||400&#8243; use_icon_font_size=&#8221;on&#8221; icon_font_size=&#8221;20px&#8221; _builder_version=&#8221;4.27.4&#8243; _module_preset=&#8221;default&#8221; body_font=&#8221;&#8211;et_global_body_font||||||||&#8221; body_line_height=&#8221;2rem&#8221; global_colors_info=&#8221;{}&#8221; toggle_level=&#8221;h3&#8243; toggle_font=&#8221;&#8211;et_global_body_font|700|||||||&#8221; toggle_font_size=&#8221;18px&#8221; toggle_line_height=&#8221;2rem&#8221; open=&#8221;on&#8221;]<\/p>\n<p><span style=\"font-weight: 400;\">C\u2019est l\u2019ensemble des \u00e9changes verbaux et non verbaux entre individus dans un cadre professionnel. Elle influence directement l\u2019efficacit\u00e9, la coh\u00e9sion et le climat de travail.<\/span><\/p>\n<p>[\/et_pb_accordion_item][et_pb_accordion_item title=&#8221;Pourquoi am\u00e9liorer la communication interpersonnelle ?&#8221; icon_color=&#8221;#FFFFFF&#8221; toggle_icon=&#8221;&#x37;||divi||400&#8243; use_icon_font_size=&#8221;on&#8221; icon_font_size=&#8221;20px&#8221; _builder_version=&#8221;4.27.4&#8243; _module_preset=&#8221;default&#8221; body_font=&#8221;&#8211;et_global_body_font||||||||&#8221; body_line_height=&#8221;2rem&#8221; global_colors_info=&#8221;{}&#8221; toggle_level=&#8221;h3&#8243; toggle_font=&#8221;&#8211;et_global_body_font|700|||||||&#8221; toggle_font_size=&#8221;18px&#8221; toggle_line_height=&#8221;2rem&#8221; open=&#8221;off&#8221;]<\/p>\n<p><span style=\"font-weight: 400;\">Une bonne communication r\u00e9duit les malentendus, am\u00e9liore la productivit\u00e9 et favorise la confiance au sein des \u00e9quipes.<\/span><\/p>\n<p>[\/et_pb_accordion_item][et_pb_accordion_item title=&#8221;Quels sont les principaux freins \u00e0 la communication interpersonnelle ?&#8221; icon_color=&#8221;#FFFFFF&#8221; toggle_icon=&#8221;&#x37;||divi||400&#8243; use_icon_font_size=&#8221;on&#8221; icon_font_size=&#8221;20px&#8221; _builder_version=&#8221;4.27.4&#8243; _module_preset=&#8221;default&#8221; body_font=&#8221;&#8211;et_global_body_font||||||||&#8221; body_line_height=&#8221;2rem&#8221; global_colors_info=&#8221;{}&#8221; toggle_level=&#8221;h3&#8243; toggle_font=&#8221;&#8211;et_global_body_font|700|||||||&#8221; toggle_font_size=&#8221;18px&#8221; toggle_line_height=&#8221;2rem&#8221; open=&#8221;off&#8221;]<\/p>\n<p><span style=\"font-weight: 400;\">Les biais cognitifs, le manque d\u2019\u00e9coute, les \u00e9motions non exprim\u00e9es et les diff\u00e9rences hi\u00e9rarchiques ou culturelles sont les plus fr\u00e9quents.<\/span><\/p>\n<p>[\/et_pb_accordion_item][et_pb_accordion_item title=&#8221;Comment d\u00e9velopper ses comp\u00e9tences en communication interpersonnelle ?&#8221; open=&#8221;off&#8221; icon_color=&#8221;#FFFFFF&#8221; toggle_icon=&#8221;&#x37;||divi||400&#8243; use_icon_font_size=&#8221;on&#8221; icon_font_size=&#8221;20px&#8221; _builder_version=&#8221;4.27.4&#8243; _module_preset=&#8221;default&#8221; body_font=&#8221;&#8211;et_global_body_font||||||||&#8221; body_line_height=&#8221;2rem&#8221; global_colors_info=&#8221;{}&#8221; toggle_level=&#8221;h3&#8243; toggle_font=&#8221;&#8211;et_global_body_font|700|||||||&#8221; toggle_font_size=&#8221;18px&#8221; toggle_line_height=&#8221;2rem&#8221;]<span style=\"font-weight: 400;\">Par l\u2019\u00e9coute active, l\u2019entra\u00eenement \u00e0 la reformulation, la gestion \u00e9motionnelle et la formation professionnelle continue. Vous pouvez aussi passer des tests sur des outils vous permettant de mieux vous conna\u00eetre et mieux comprendre vos \u00e9quipes dans le but de mieux collaborer. Vous avez <strong><a href=\"https:\/\/disc-partners.com\/fr\/test-de-personnalite-disc\/decouvrir-everything-disc\/\" target=\"_blank\" rel=\"dofollow noopener\">l&#8217;outil DISC<\/a><\/strong> ou <strong><a href=\"https:\/\/www.learning-partners.com\/fr\/outils-gestion-performances\/mbti-optimisation-equipes\/\" target=\"_blank\" rel=\"dofollow\">la m\u00e9thode MBTI<\/a><\/strong>.\u00a0<\/span>[\/et_pb_accordion_item][et_pb_accordion_item title=&#8221;La communication non verbale est-elle aussi importante que la verbale ?&#8221; icon_color=&#8221;#FFFFFF&#8221; toggle_icon=&#8221;&#x37;||divi||400&#8243; use_icon_font_size=&#8221;on&#8221; icon_font_size=&#8221;20px&#8221; _builder_version=&#8221;4.27.4&#8243; _module_preset=&#8221;default&#8221; body_font=&#8221;&#8211;et_global_body_font||||||||&#8221; body_line_height=&#8221;2rem&#8221; global_colors_info=&#8221;{}&#8221; toggle_level=&#8221;h3&#8243; toggle_font=&#8221;&#8211;et_global_body_font|700|||||||&#8221; toggle_font_size=&#8221;18px&#8221; toggle_line_height=&#8221;2rem&#8221; open=&#8221;off&#8221;]<\/p>\n<p><span style=\"font-weight: 400;\">Oui ! Le non verbal (gestes, ton, posture) repr\u00e9sente une grande part du message per\u00e7u par les interlocuteurs.<\/span><\/p>\n<p>[\/et_pb_accordion_item][\/et_pb_accordion][\/et_pb_column][\/et_pb_row][\/et_pb_section][et_pb_section fb_built=&#8221;1&#8243; _builder_version=&#8221;4.27.4&#8243; _module_preset=&#8221;default&#8221; custom_padding=&#8221;100px||100px||true|false&#8221; da_disable_devices=&#8221;off|off|off&#8221; global_colors_info=&#8221;{}&#8221; da_is_popup=&#8221;off&#8221; da_exit_intent=&#8221;off&#8221; da_has_close=&#8221;on&#8221; da_alt_close=&#8221;off&#8221; da_dark_close=&#8221;off&#8221; da_not_modal=&#8221;on&#8221; da_is_singular=&#8221;off&#8221; da_with_loader=&#8221;off&#8221; da_has_shadow=&#8221;on&#8221;][et_pb_row column_structure=&#8221;3_5,2_5&#8243; _builder_version=&#8221;4.27.4&#8243; _module_preset=&#8221;default&#8221; background_color=&#8221;#1d3355&#8243; custom_padding=&#8221;50px|50px|50px|50px|true|true&#8221; border_radii=&#8221;on|15px|15px|15px|15px&#8221; box_shadow_style=&#8221;preset1&#8243; box_shadow_blur=&#8221;50px&#8221; box_shadow_spread=&#8221;10px&#8221; global_colors_info=&#8221;{}&#8221;][et_pb_column type=&#8221;3_5&#8243; _builder_version=&#8221;4.27.4&#8243; _module_preset=&#8221;default&#8221; global_colors_info=&#8221;{}&#8221;][et_pb_text module_id=&#8221;sommaire-9&#8243; _builder_version=&#8221;4.27.4&#8243; _module_preset=&#8221;default&#8221; header_2_font=&#8221;&#8211;et_global_body_font|700|||||||&#8221; header_2_text_align=&#8221;left&#8221; header_2_font_size=&#8221;40px&#8221; header_2_line_height=&#8221;3.5rem&#8221; custom_margin=&#8221;||||false|false&#8221; header_2_font_size_tablet=&#8221;50px&#8221; header_2_font_size_phone=&#8221;24px&#8221; header_2_font_size_last_edited=&#8221;on|phone&#8221; header_2_line_height_tablet=&#8221;4rem&#8221; header_2_line_height_phone=&#8221;2rem&#8221; header_2_line_height_last_edited=&#8221;on|desktop&#8221; global_colors_info=&#8221;{}&#8221;]<\/p>\n<h2><span style=\"color: #ffffff;\">D\u00e9veloppez votre <span style=\"color: #b0c4de;\">communication interpersonnelle<\/span><\/span><\/h2>\n<p>[\/et_pb_text][et_pb_text _builder_version=&#8221;4.27.4&#8243; _module_preset=&#8221;default&#8221; text_font=&#8221;&#8211;et_global_body_font||||||||&#8221; text_text_color=&#8221;#FFFFFF&#8221; text_font_size=&#8221;22px&#8221; text_line_height=&#8221;2rem&#8221; text_font_size_tablet=&#8221;22px&#8221; text_font_size_phone=&#8221;18px&#8221; text_font_size_last_edited=&#8221;on|phone&#8221; global_colors_info=&#8221;{}&#8221;]<\/p>\n<p><strong>Transformez vos d\u00e9fis<\/strong> en opportunit\u00e9s avec un <strong>coaching de dirigeant<\/strong> sur-mesure !<\/p>\n<p>[\/et_pb_text][et_pb_button button_url=&#8221;#contact-learning-partners-wpforms&#8221; button_text=&#8221;Parlons de vos enjeux !&#8221; _builder_version=&#8221;4.27.4&#8243; _module_preset=&#8221;1bffc0fc-42a0-49d1-bd9a-ae3ade2d7206&#8243; custom_button=&#8221;on&#8221; button_text_size=&#8221;18px&#8221; button_text_color=&#8221;#1d3355&#8243; button_bg_color=&#8221;#FFFFFF&#8221; button_border_width=&#8221;0px&#8221; button_border_radius=&#8221;100px&#8221; button_font=&#8221;Poppins|700|||||||&#8221; custom_padding=&#8221;15px|40px|15px|40px|true|true&#8221; custom_padding_tablet=&#8221;15px|40px|15px|40px|true|true&#8221; custom_padding_phone=&#8221;15px|16px|15px|16px|true|true&#8221; custom_padding_last_edited=&#8221;on|phone&#8221; button_text_size_tablet=&#8221;18px&#8221; button_text_size_phone=&#8221;16px&#8221; button_text_size_last_edited=&#8221;on|phone&#8221; locked=&#8221;off&#8221; global_colors_info=&#8221;{}&#8221; custom_padding__hover_enabled=&#8221;off|desktop&#8221; custom_padding__hover=&#8221;|28px||20px|true|false&#8221;][\/et_pb_button][\/et_pb_column][et_pb_column type=&#8221;2_5&#8243; _builder_version=&#8221;4.27.4&#8243; _module_preset=&#8221;default&#8221; global_colors_info=&#8221;{}&#8221;][et_pb_image src=&#8221;https:\/\/www.learning-partners.com\/wp-content\/uploads\/2024\/12\/michael-van-eck.webp&#8221; alt=&#8221;Michael Van Eck, fondateur de Learning Partners&#8221; title_text=&#8221;michael-van-eck&#8221; align=&#8221;center&#8221; _builder_version=&#8221;4.27.4&#8243; _module_preset=&#8221;default&#8221; width=&#8221;80%&#8221; border_radii=&#8221;on|200px|200px|200px|200px&#8221; global_colors_info=&#8221;{}&#8221;][\/et_pb_image][\/et_pb_column][\/et_pb_row][\/et_pb_section][et_pb_section fb_built=&#8221;1&#8243; admin_label=&#8221;Popup &#8211; #contact-learning-partners-wpforms&#8221; module_id=&#8221;contact-learning-partners-wpforms&#8221; module_class=&#8221;popup no-shadow&#8221; _builder_version=&#8221;4.27.4&#8243; _module_preset=&#8221;default&#8221; background_color=&#8221;RGBA(255,255,255,0)&#8221; da_is_popup=&#8221;on&#8221; da_popup_slug=&#8221;contact-learning-partners-wpforms&#8221; da_has_shadow=&#8221;off&#8221; da_disable_devices=&#8221;off|off|off&#8221; global_colors_info=&#8221;{}&#8221; da_exit_intent=&#8221;off&#8221; da_has_close=&#8221;on&#8221; da_alt_close=&#8221;off&#8221; da_dark_close=&#8221;off&#8221; da_not_modal=&#8221;on&#8221; da_is_singular=&#8221;off&#8221; da_with_loader=&#8221;off&#8221;][et_pb_row column_structure=&#8221;1_3,2_3&#8243; custom_padding_last_edited=&#8221;on|phone&#8221; _builder_version=&#8221;4.27.4&#8243; background_color=&#8221;#3550a0&#8243; custom_margin=&#8221;0px||||false|false&#8221; custom_margin_tablet=&#8221;0px|||&#8221; custom_margin_phone=&#8221;|||&#8221; custom_margin_last_edited=&#8221;off|desktop&#8221; custom_padding=&#8221;80px|4%|80px|4%|true|true&#8221; custom_padding_tablet=&#8221;|50px||50px||true&#8221; custom_padding_phone=&#8221;24px|24px|24px|24px|true|true&#8221; animation_style=&#8221;zoom&#8221; animation_intensity_zoom=&#8221;2%&#8221; border_radii=&#8221;on|10px|10px|10px|10px&#8221; box_shadow_style=&#8221;preset3&#8243; box_shadow_vertical=&#8221;100px&#8221; box_shadow_blur=&#8221;100px&#8221; box_shadow_spread=&#8221;-120px&#8221; global_colors_info=&#8221;{}&#8221;][et_pb_column type=&#8221;1_3&#8243; _builder_version=&#8221;4.16&#8243; custom_padding=&#8221;|||&#8221; global_colors_info=&#8221;{}&#8221; custom_padding__hover=&#8221;|||&#8221;][et_pb_text _builder_version=&#8221;4.27.4&#8243; text_font=&#8221;Lato||||||||&#8221; text_line_height=&#8221;1.8em&#8221; link_font=&#8221;||||||||&#8221; link_text_color=&#8221;#ffffff&#8221; ul_font=&#8221;||||||||&#8221; ol_font=&#8221;||||||||&#8221; quote_font=&#8221;||||||||&#8221; header_font=&#8221;Poppins||||||||&#8221; header_font_size=&#8221;40px&#8221; header_2_font=&#8221;Poppins|700|||||||&#8221; header_2_font_size=&#8221;32px&#8221; header_2_line_height=&#8221;1.5em&#8221; header_3_font=&#8221;Poppins||||||||&#8221; header_4_font=&#8221;Poppins|700|||||||&#8221; header_4_font_size=&#8221;16px&#8221; header_4_line_height=&#8221;1.5em&#8221; header_5_font=&#8221;||||||||&#8221; header_6_font=&#8221;||||||||&#8221; background_layout=&#8221;dark&#8221; custom_margin=&#8221;70px||||false|false&#8221; custom_margin_tablet=&#8221;70px||||false|false&#8221; custom_margin_phone=&#8221;0px||||false|false&#8221; custom_margin_last_edited=&#8221;on|phone&#8221; custom_padding=&#8221;|||&#8221; header_font_size_tablet=&#8221;30px&#8221; header_font_size_phone=&#8221;24px&#8221; header_font_size_last_edited=&#8221;on|phone&#8221; header_2_font_size_tablet=&#8221;30px&#8221; header_2_font_size_phone=&#8221;&#8221; header_2_font_size_last_edited=&#8221;on|tablet&#8221; locked=&#8221;off&#8221; global_colors_info=&#8221;{}&#8221;]<\/p>\n<h3>T\u00e9l\u00e9phone<\/h3>\n<p>+41 22 510 25 15<br \/>+33 6 40 83 53 55<\/p>\n<h3>Adresse<\/h3>\n<p><span>68 Route du Stand,<br \/><\/span><span>VD1260 Nyon, Suisse\u00a0<\/span><\/p>\n<p>[\/et_pb_text][\/et_pb_column][et_pb_column type=&#8221;2_3&#8243; _builder_version=&#8221;4.27.4&#8243; _module_preset=&#8221;default&#8221; global_colors_info=&#8221;{}&#8221;][wpforms_selector form_id=&#8221;26537&#8243; show_title=&#8221;on&#8221; _builder_version=&#8221;4.27.4&#8243; _module_preset=&#8221;default&#8221; width=&#8221;99.9%&#8221; global_colors_info=&#8221;{}&#8221;][\/wpforms_selector][\/et_pb_column][\/et_pb_row][\/et_pb_section]<\/p>\n","protected":false},"excerpt":{"rendered":"<p>La communication interpersonnelle : de quoi parle-t-on ? Quels sont les diff\u00e9rents types de communication interpersonnelle ? Pourquoi la communication interpersonnelle est-elle cruciale dans l\u2019entreprise ? Quels sont les freins les plus fr\u00e9quents \u00e0 une bonne communication interpersonnelle ? Les 6 cl\u00e9s pour mieux communiquer en 2025 Bonus pour approfondir la communication interpersonnelle Faire de [&hellip;]<\/p>\n","protected":false},"author":1,"featured_media":27967,"comment_status":"open","ping_status":"closed","sticky":false,"template":"","format":"standard","meta":{"_et_pb_use_builder":"on","_et_pb_old_content":"","_et_gb_content_width":"","footnotes":""},"categories":[91],"tags":[],"class_list":["post-27933","post","type-post","status-publish","format-standard","has-post-thumbnail","hentry","category-cohesion-performance"],"_links":{"self":[{"href":"https:\/\/www.learning-partners.com\/fr\/wp-json\/wp\/v2\/posts\/27933","targetHints":{"allow":["GET"]}}],"collection":[{"href":"https:\/\/www.learning-partners.com\/fr\/wp-json\/wp\/v2\/posts"}],"about":[{"href":"https:\/\/www.learning-partners.com\/fr\/wp-json\/wp\/v2\/types\/post"}],"author":[{"embeddable":true,"href":"https:\/\/www.learning-partners.com\/fr\/wp-json\/wp\/v2\/users\/1"}],"replies":[{"embeddable":true,"href":"https:\/\/www.learning-partners.com\/fr\/wp-json\/wp\/v2\/comments?post=27933"}],"version-history":[{"count":0,"href":"https:\/\/www.learning-partners.com\/fr\/wp-json\/wp\/v2\/posts\/27933\/revisions"}],"wp:featuredmedia":[{"embeddable":true,"href":"https:\/\/www.learning-partners.com\/fr\/wp-json\/wp\/v2\/media\/27967"}],"wp:attachment":[{"href":"https:\/\/www.learning-partners.com\/fr\/wp-json\/wp\/v2\/media?parent=27933"}],"wp:term":[{"taxonomy":"category","embeddable":true,"href":"https:\/\/www.learning-partners.com\/fr\/wp-json\/wp\/v2\/categories?post=27933"},{"taxonomy":"post_tag","embeddable":true,"href":"https:\/\/www.learning-partners.com\/fr\/wp-json\/wp\/v2\/tags?post=27933"}],"curies":[{"name":"wp","href":"https:\/\/api.w.org\/{rel}","templated":true}]}}