{"id":27250,"date":"2025-05-22T09:02:36","date_gmt":"2025-05-22T09:02:36","guid":{"rendered":"https:\/\/www.learning-partners.com\/?p=27250"},"modified":"2026-04-10T14:54:21","modified_gmt":"2026-04-10T13:54:21","slug":"obstacles-communication-interpersonnelle","status":"publish","type":"post","link":"https:\/\/www.learning-partners.com\/fr\/blog\/cohesion-performance\/obstacles-communication-interpersonnelle\/","title":{"rendered":"Les obstacles de la communication interpersonnelle : comment les identifier et les surmonter efficacement"},"content":{"rendered":"<p>[et_pb_section fb_built=&#8221;1&#8243; _builder_version=&#8221;4.27.4&#8243; _module_preset=&#8221;default&#8221; da_disable_devices=&#8221;off|off|off&#8221; global_colors_info=&#8221;{}&#8221; da_is_popup=&#8221;off&#8221; da_exit_intent=&#8221;off&#8221; da_has_close=&#8221;on&#8221; da_alt_close=&#8221;off&#8221; da_dark_close=&#8221;off&#8221; da_not_modal=&#8221;on&#8221; da_is_singular=&#8221;off&#8221; da_with_loader=&#8221;off&#8221; da_has_shadow=&#8221;on&#8221;][et_pb_row _builder_version=&#8221;4.27.4&#8243; _module_preset=&#8221;default&#8221; global_colors_info=&#8221;{}&#8221;][et_pb_column type=&#8221;4_4&#8243; _builder_version=&#8221;4.27.4&#8243; _module_preset=&#8221;default&#8221; global_colors_info=&#8221;{}&#8221;][et_pb_toggle title=&#8221;Sommaire&#8221; open_toggle_text_color=&#8221;#FFFFFF&#8221; icon_color=&#8221;#FFFFFF&#8221; toggle_icon=&#8221;&#x3b;||divi||400&#8243; use_icon_font_size=&#8221;on&#8221; icon_font_size=&#8221;25px&#8221; open_icon_color=&#8221;#FFFFFF&#8221; open_toggle_icon=&#8221;&#x3d;||divi||400&#8243; open_use_icon_font_size=&#8221;on&#8221; open_icon_font_size=&#8221;25px&#8221; _builder_version=&#8221;4.27.4&#8243; _module_preset=&#8221;default&#8221; title_text_color=&#8221;#FFFFFF&#8221; title_level=&#8221;h2&#8243; title_font=&#8221;&#8211;et_global_body_font|600|||||||&#8221; title_font_size=&#8221;30px&#8221; title_line_height=&#8221;2rem&#8221; closed_title_font=&#8221;&#8211;et_global_body_font|600|||||||&#8221; closed_title_font_size=&#8221;30px&#8221; closed_title_line_height=&#8221;2rem&#8221; body_font=&#8221;&#8211;et_global_body_font||||||||&#8221; body_text_color=&#8221;RGBA(255,255,255,0)&#8221; background_color=&#8221;#1d3355&#8243; custom_padding=&#8221;40px|40px|40px|40px|true|true&#8221; border_radii=&#8221;on|20px|20px|20px|20px&#8221; global_colors_info=&#8221;{}&#8221;]<\/p>\n<p dir=\"ltr\"><span style=\"color: #ffffff;\"><a href=\"#sommaire-1\" style=\"color: #ffffff;\">Pourquoi la <strong>communication interpersonnelle<\/strong> est-elle si souvent mal comprise ?<\/a><\/span><\/p>\n<p dir=\"ltr\"><span style=\"color: #ffffff;\"><a href=\"#sommaire-2\" style=\"color: #ffffff;\">Comprendre les <strong>fondements de la communication interpersonnelle<\/strong><\/a><\/span><\/p>\n<p dir=\"ltr\"><span style=\"color: #ffffff;\"><a href=\"#sommaire-3\" style=\"color: #ffffff;\">Les principaux <strong>obstacles de la communication interpersonnelle<\/strong><\/a><\/span><\/p>\n<p dir=\"ltr\"><span style=\"color: #ffffff;\"><a href=\"#sommaire-4\" style=\"color: #ffffff;\"><strong>Comment surmonter<\/strong> les obstacles de la communication interpersonnelle ?<\/a><\/span><\/p>\n<p dir=\"ltr\"><span style=\"color: #ffffff;\"><a href=\"#sommaire-5\" style=\"color: #ffffff;\">Les <strong>b\u00e9n\u00e9fices<\/strong> de la communication interpersonnelle<\/a><\/span><\/p>\n<p dir=\"ltr\"><span style=\"color: #ffffff;\"><strong><a href=\"#sommaire-6\" style=\"color: #ffffff;\">Mieux communiquer, un levier pour des relations harmonieuses<\/a><\/strong><\/span><\/p>\n<p>&nbsp;<\/p>\n<p>[\/et_pb_toggle][\/et_pb_column][\/et_pb_row][\/et_pb_section][et_pb_section fb_built=&#8221;1&#8243; _builder_version=&#8221;4.27.4&#8243; _module_preset=&#8221;default&#8221; da_disable_devices=&#8221;off|off|off&#8221; global_colors_info=&#8221;{}&#8221; da_is_popup=&#8221;off&#8221; da_exit_intent=&#8221;off&#8221; da_has_close=&#8221;on&#8221; da_alt_close=&#8221;off&#8221; da_dark_close=&#8221;off&#8221; da_not_modal=&#8221;on&#8221; da_is_singular=&#8221;off&#8221; da_with_loader=&#8221;off&#8221; da_has_shadow=&#8221;on&#8221;][et_pb_row _builder_version=&#8221;4.27.4&#8243; _module_preset=&#8221;default&#8221; global_colors_info=&#8221;{}&#8221;][et_pb_column type=&#8221;4_4&#8243; _builder_version=&#8221;4.27.4&#8243; _module_preset=&#8221;default&#8221; global_colors_info=&#8221;{}&#8221;][et_pb_text module_id=&#8221;sommaire-1&#8243; _builder_version=&#8221;4.27.4&#8243; _module_preset=&#8221;default&#8221; header_2_font=&#8221;&#8211;et_global_body_font|600|||||||&#8221; header_2_line_height=&#8221;2.5rem&#8221; global_colors_info=&#8221;{}&#8221;]<\/p>\n<h2>Pourquoi la communication interpersonnelle est-elle si souvent mal comprise ?<\/h2>\n<p>[\/et_pb_text][et_pb_text _builder_version=&#8221;4.27.4&#8243; _module_preset=&#8221;default&#8221; text_font=&#8221;&#8211;et_global_body_font||||||||&#8221; text_line_height=&#8221;2rem&#8221; global_colors_info=&#8221;{}&#8221;]<\/p>\n<p><span style=\"font-weight: 400;\"><strong>La communication interpersonnelle<\/strong> est au c\u0153ur de nos relations quotidiennes, qu&#8217;elles soient personnelles ou professionnelles. Pourtant, malgr\u00e9 sa place centrale dans nos vies, elle est fr\u00e9quemment source de malentendus, de frustrations, voire de conflits. <\/span><\/p>\n<p><span style=\"font-weight: 400;\">Pourquoi ? <strong>Parce que bien communiquer n&#8217;est pas inn\u00e9<\/strong> : cela suppose de comprendre un processus complexe, influenc\u00e9 par de multiples facteurs, verbaux comme non verbaux, \u00e9motionnels comme cognitifs.<\/span><\/p>\n<p><span style=\"font-weight: 400;\">Comprendre les obstacles qui entravent nos \u00e9changes est la premi\u00e8re \u00e9tape pour d\u00e9velopper une communication efficace, bienveillante et constructive.\u00a0<\/span><\/p>\n<p><span style=\"font-weight: 400;\">Dans cet article, Learning Partners vous guide \u00e0 travers <strong>les principaux freins \u00e0 la communication interpersonnelle<\/strong> et vous propose des solutions concr\u00e8tes pour les d\u00e9passer.<\/span><\/p>\n<p>[\/et_pb_text][\/et_pb_column][\/et_pb_row][\/et_pb_section][et_pb_section fb_built=&#8221;1&#8243; _builder_version=&#8221;4.27.4&#8243; _module_preset=&#8221;default&#8221; background_color=&#8221;#1d3355&#8243; da_disable_devices=&#8221;off|off|off&#8221; border_radii=&#8221;on|20px|20px|20px|20px&#8221; global_colors_info=&#8221;{}&#8221; da_is_popup=&#8221;off&#8221; da_exit_intent=&#8221;off&#8221; da_has_close=&#8221;on&#8221; da_alt_close=&#8221;off&#8221; da_dark_close=&#8221;off&#8221; da_not_modal=&#8221;on&#8221; da_is_singular=&#8221;off&#8221; da_with_loader=&#8221;off&#8221; da_has_shadow=&#8221;on&#8221;][et_pb_row _builder_version=&#8221;4.27.4&#8243; _module_preset=&#8221;default&#8221; global_colors_info=&#8221;{}&#8221;][et_pb_column type=&#8221;4_4&#8243; _builder_version=&#8221;4.27.4&#8243; _module_preset=&#8221;default&#8221; global_colors_info=&#8221;{}&#8221;][et_pb_text _builder_version=&#8221;4.27.4&#8243; _module_preset=&#8221;default&#8221; header_2_font=&#8221;Poppins|700|||||||&#8221; header_2_text_color=&#8221;#FFFFFF&#8221; header_2_line_height=&#8221;2.5rem&#8221; global_colors_info=&#8221;{}&#8221;]<\/p>\n<h2>Learning Partners est votre partenaire en strat\u00e9gie relationelle et manag\u00e9riale !<\/h2>\n<p>[\/et_pb_text][et_pb_text _builder_version=&#8221;4.27.4&#8243; _module_preset=&#8221;default&#8221; text_font=&#8221;Poppins||||||||&#8221; text_text_color=&#8221;#FFFFFF&#8221; global_colors_info=&#8221;{}&#8221;]<\/p>\n<p>Nous intervenons avec vous, au sein de vos \u00e9quipes pour vous aider \u00e0 mieux interagir et mieux comprendre les freins qui entravent votre performance. Ensemble, nous <strong>co-implementons des outils et des m\u00e9thodes<\/strong> au service de votre performance !<\/p>\n<p>Avec plus de 20 ans d&#8217;exp\u00e9rience aupr\u00e8s de grande entreprise sur le terrain, notre mission est claire : <strong>mettre notre expertise au service de vos \u00e9quipes et de votre d\u00e9veloppement<\/strong>.<\/p>\n<p>[\/et_pb_text][et_pb_button button_url=&#8221;#contact-learning-partners-wpforms&#8221; button_text=&#8221;Prendre RDV&#8221; _builder_version=&#8221;4.27.4&#8243; _module_preset=&#8221;1bffc0fc-42a0-49d1-bd9a-ae3ade2d7206&#8243; custom_button=&#8221;on&#8221; button_text_size=&#8221;18px&#8221; button_text_color=&#8221;#1d3355&#8243; button_bg_color=&#8221;#FFFFFF&#8221; button_border_width=&#8221;0px&#8221; button_border_radius=&#8221;100px&#8221; button_font=&#8221;Poppins|700|||||||&#8221; custom_margin=&#8221;50px||||false|false&#8221; custom_padding=&#8221;15px|40px|15px|40px|true|true&#8221; locked=&#8221;off&#8221; global_colors_info=&#8221;{}&#8221; custom_padding__hover_enabled=&#8221;off|desktop&#8221; custom_padding__hover=&#8221;|28px||20px|true|false&#8221; button_bg_color__hover_enabled=&#8221;on|hover&#8221; button_bg_color__hover=&#8221;#2e4a77&#8243; button_bg_enable_color__hover=&#8221;on&#8221; button_text_color__hover_enabled=&#8221;on|hover&#8221; button_text_color__hover=&#8221;#FFFFFF&#8221;][\/et_pb_button][\/et_pb_column][\/et_pb_row][\/et_pb_section][et_pb_section fb_built=&#8221;1&#8243; _builder_version=&#8221;4.27.4&#8243; _module_preset=&#8221;default&#8221; da_disable_devices=&#8221;off|off|off&#8221; global_colors_info=&#8221;{}&#8221; da_is_popup=&#8221;off&#8221; da_exit_intent=&#8221;off&#8221; da_has_close=&#8221;on&#8221; da_alt_close=&#8221;off&#8221; da_dark_close=&#8221;off&#8221; da_not_modal=&#8221;on&#8221; da_is_singular=&#8221;off&#8221; da_with_loader=&#8221;off&#8221; da_has_shadow=&#8221;on&#8221;][et_pb_row _builder_version=&#8221;4.27.4&#8243; _module_preset=&#8221;default&#8221; global_colors_info=&#8221;{}&#8221;][et_pb_column type=&#8221;4_4&#8243; _builder_version=&#8221;4.27.4&#8243; _module_preset=&#8221;default&#8221; global_colors_info=&#8221;{}&#8221;][et_pb_text module_id=&#8221;sommaire-2&#8243; _builder_version=&#8221;4.27.4&#8243; _module_preset=&#8221;default&#8221; header_2_font=&#8221;&#8211;et_global_body_font|600|||||||&#8221; header_2_line_height=&#8221;2.5rem&#8221; global_colors_info=&#8221;{}&#8221;]<\/p>\n<h2>Comprendre les fondements de la communication interpersonnelle<\/h2>\n<p>[\/et_pb_text][et_pb_text _builder_version=&#8221;4.27.4&#8243; _module_preset=&#8221;default&#8221; text_font=&#8221;&#8211;et_global_body_font||||||||&#8221; text_line_height=&#8221;2rem&#8221; global_colors_info=&#8221;{}&#8221;]<\/p>\n<p><strong>La communication interpersonnelle<\/strong> est au c\u0153ur de toutes nos relations, qu\u2019elles soient professionnelles ou personnelles. <strong>Pour mieux interagir, coop\u00e9rer ou g\u00e9rer les conflits<\/strong>, il est essentiel d\u2019en comprendre les fondements : verbal, non verbal, \u00e9coute active, et cadre relationnel. D\u00e9cryptage de ces bases incontournables.<\/p>\n<p>[\/et_pb_text][et_pb_text _builder_version=&#8221;4.27.4&#8243; _module_preset=&#8221;default&#8221; header_2_font=&#8221;&#8211;et_global_body_font|600|||||||&#8221; header_2_line_height=&#8221;2.5rem&#8221; header_3_font=&#8221;&#8211;et_global_body_font|600|||||||&#8221; header_3_line_height=&#8221;2.5rem&#8221; global_colors_info=&#8221;{}&#8221;]<\/p>\n<h3>La communication verbale et non verbale : deux piliers indissociables<\/h3>\n<p>[\/et_pb_text][et_pb_text _builder_version=&#8221;4.27.4&#8243; _module_preset=&#8221;default&#8221; text_font=&#8221;&#8211;et_global_body_font||||||||&#8221; text_line_height=&#8221;2rem&#8221; global_colors_info=&#8221;{}&#8221;]<\/p>\n<p><span style=\"font-weight: 400;\">La communication ne se limite pas aux mots. Le langage corporel, l&#8217;expression du visage, la gestuelle, le ton de la voix, les silences : autant d&#8217;\u00e9l\u00e9ments non verbaux qui enrichissent ou contredisent notre discours. <strong>Une communication efficace passe donc par l&#8217;alignement entre le verbal et le non verbal<\/strong>.<\/span><\/p>\n<p>[\/et_pb_text][et_pb_text _builder_version=&#8221;4.27.4&#8243; _module_preset=&#8221;default&#8221; header_2_font=&#8221;&#8211;et_global_body_font|600|||||||&#8221; header_2_line_height=&#8221;2.5rem&#8221; header_3_font=&#8221;&#8211;et_global_body_font|600|||||||&#8221; header_3_line_height=&#8221;2.5rem&#8221; global_colors_info=&#8221;{}&#8221;]<\/p>\n<h3>Le processus de communication : de l&#8217;\u00e9metteur au r\u00e9cepteur<\/h3>\n<p>[\/et_pb_text][et_pb_text _builder_version=&#8221;4.27.4&#8243; _module_preset=&#8221;default&#8221; text_font=&#8221;&#8211;et_global_body_font||||||||&#8221; text_line_height=&#8221;2rem&#8221; global_colors_info=&#8221;{}&#8221;]<\/p>\n<p><span style=\"font-weight: 400;\">Communiquer, <strong>c&#8217;est transmettre un message d&#8217;un \u00e9metteur \u00e0 un r\u00e9cepteur<\/strong>, via un canal. Ce processus est influenc\u00e9 par le contexte, les filtres personnels (croyances, \u00e9motions, exp\u00e9riences), et les feedbacks. Une simple d\u00e9faillance \u00e0 l&#8217;une de ces \u00e9tapes peut d\u00e9grader la qualit\u00e9 de l&#8217;\u00e9change.<\/span><\/p>\n<p>[\/et_pb_text][et_pb_text _builder_version=&#8221;4.27.4&#8243; _module_preset=&#8221;default&#8221; header_2_font=&#8221;&#8211;et_global_body_font|600|||||||&#8221; header_2_line_height=&#8221;2.5rem&#8221; header_3_font=&#8221;&#8211;et_global_body_font|600|||||||&#8221; header_3_line_height=&#8221;2.5rem&#8221; global_colors_info=&#8221;{}&#8221;]<\/p>\n<h3>Les enjeux de la communication interpersonnelle dans les relations humaines<\/h3>\n<p>[\/et_pb_text][et_pb_text _builder_version=&#8221;4.27.4&#8243; _module_preset=&#8221;default&#8221; text_font=&#8221;&#8211;et_global_body_font||||||||&#8221; text_line_height=&#8221;2rem&#8221; global_colors_info=&#8221;{}&#8221;]<\/p>\n<p><span style=\"font-weight: 400;\">La communication est <strong>l&#8217;outil fondamental pour cr\u00e9er des liens, collaborer, r\u00e9soudre des conflits, partager des id\u00e9es et inspirer<\/strong>. Elle conditionne la qualit\u00e9 de nos relations et notre efficacit\u00e9 dans toutes les sph\u00e8res de notre vie.<\/span><\/p>\n<p>[\/et_pb_text][\/et_pb_column][\/et_pb_row][\/et_pb_section][et_pb_section fb_built=&#8221;1&#8243; _builder_version=&#8221;4.27.4&#8243; _module_preset=&#8221;default&#8221; min_height=&#8221;459.1px&#8221; custom_margin=&#8221;||-55px|||&#8221; custom_padding=&#8221;0px|||||&#8221; da_disable_devices=&#8221;off|off|off&#8221; global_colors_info=&#8221;{}&#8221; da_is_popup=&#8221;off&#8221; da_exit_intent=&#8221;off&#8221; da_has_close=&#8221;on&#8221; da_alt_close=&#8221;off&#8221; da_dark_close=&#8221;off&#8221; da_not_modal=&#8221;on&#8221; da_is_singular=&#8221;off&#8221; da_with_loader=&#8221;off&#8221; da_has_shadow=&#8221;on&#8221;][et_pb_row _builder_version=&#8221;4.27.4&#8243; _module_preset=&#8221;default&#8221; custom_padding=&#8221;0px||0px|||&#8221; global_colors_info=&#8221;{}&#8221;][et_pb_column type=&#8221;4_4&#8243; _builder_version=&#8221;4.27.4&#8243; _module_preset=&#8221;default&#8221; global_colors_info=&#8221;{}&#8221;][et_pb_image src=&#8221;https:\/\/www.learning-partners.com\/wp-content\/uploads\/2025\/05\/infographie-obstacles-communication-interpersonnelle.webp&#8221; alt=&#8221;Infographie : savez-vous que 90% des projets \u00e9chouent \u00e0 cause d&#8217;un probl\u00e8me de communication&#8221; title_text=&#8221;infographie-obstacles-communication-interpersonnelle&#8221; _builder_version=&#8221;4.27.4&#8243; _module_preset=&#8221;default&#8221; border_radii=&#8221;on|10px|10px|10px|10px&#8221; global_colors_info=&#8221;{}&#8221;][\/et_pb_image][\/et_pb_column][\/et_pb_row][\/et_pb_section][et_pb_section fb_built=&#8221;1&#8243; _builder_version=&#8221;4.27.4&#8243; _module_preset=&#8221;default&#8221; da_disable_devices=&#8221;off|off|off&#8221; global_colors_info=&#8221;{}&#8221; da_is_popup=&#8221;off&#8221; da_exit_intent=&#8221;off&#8221; da_has_close=&#8221;on&#8221; da_alt_close=&#8221;off&#8221; da_dark_close=&#8221;off&#8221; da_not_modal=&#8221;on&#8221; da_is_singular=&#8221;off&#8221; da_with_loader=&#8221;off&#8221; da_has_shadow=&#8221;on&#8221;][et_pb_row _builder_version=&#8221;4.27.4&#8243; _module_preset=&#8221;default&#8221; global_colors_info=&#8221;{}&#8221;][et_pb_column type=&#8221;4_4&#8243; _builder_version=&#8221;4.27.4&#8243; _module_preset=&#8221;default&#8221; global_colors_info=&#8221;{}&#8221;][et_pb_text module_id=&#8221;sommaire-3&#8243; _builder_version=&#8221;4.27.4&#8243; _module_preset=&#8221;default&#8221; header_2_font=&#8221;&#8211;et_global_body_font|600|||||||&#8221; header_2_line_height=&#8221;2.5rem&#8221; global_colors_info=&#8221;{}&#8221;]<\/p>\n<h2>Les principaux obstacles de la communication interpersonnelle<\/h2>\n<p>[\/et_pb_text][et_pb_text _builder_version=&#8221;4.27.4&#8243; _module_preset=&#8221;default&#8221; text_font=&#8221;&#8211;et_global_body_font||||||||&#8221; text_line_height=&#8221;2rem&#8221; global_colors_info=&#8221;{}&#8221;]<\/p>\n<p>Malentendus, jugements, \u00e9motions mal g\u00e9r\u00e9es\u2026 La <strong>communication interpersonnelle est souvent frein\u00e9e par des obstacles<\/strong> qui nuisent \u00e0 la qualit\u00e9 des \u00e9changes. Identifier ces freins est essentiel pour mieux comprendre l\u2019autre, pr\u00e9venir les conflits et renforcer la relation.<\/p>\n<p>[\/et_pb_text][et_pb_text _builder_version=&#8221;4.27.4&#8243; _module_preset=&#8221;default&#8221; header_2_font=&#8221;&#8211;et_global_body_font|600|||||||&#8221; header_2_line_height=&#8221;2.5rem&#8221; header_3_font=&#8221;&#8211;et_global_body_font|600|||||||&#8221; header_3_line_height=&#8221;2.5rem&#8221; global_colors_info=&#8221;{}&#8221;]<\/p>\n<h3>Les barri\u00e8res linguistiques et le manque de clart\u00e9 dans le message<\/h3>\n<p>[\/et_pb_text][et_pb_text _builder_version=&#8221;4.27.4&#8243; _module_preset=&#8221;default&#8221; text_font=&#8221;&#8211;et_global_body_font||||||||&#8221; text_line_height=&#8221;2rem&#8221; global_colors_info=&#8221;{}&#8221;]<\/p>\n<p><span style=\"font-weight: 400;\">Utiliser un langage trop technique, un vocabulaire flou ou des phrases ambig\u00fces rend le message difficile \u00e0 comprendre. Un manque de structure ou un discours trop long peuvent aussi perdre l&#8217;interlocuteur.<\/span><\/p>\n<p>[\/et_pb_text][et_pb_text _builder_version=&#8221;4.27.4&#8243; _module_preset=&#8221;default&#8221; header_2_font=&#8221;&#8211;et_global_body_font|600|||||||&#8221; header_2_line_height=&#8221;2.5rem&#8221; header_3_font=&#8221;&#8211;et_global_body_font|600|||||||&#8221; header_3_line_height=&#8221;2.5rem&#8221; global_colors_info=&#8221;{}&#8221;]<\/p>\n<h3>Les filtres cognitifs et les interpr\u00e9tations personnelles<\/h3>\n<p>[\/et_pb_text][et_pb_text _builder_version=&#8221;4.27.4&#8243; _module_preset=&#8221;default&#8221; text_font=&#8221;&#8211;et_global_body_font||||||||&#8221; text_line_height=&#8221;2rem&#8221; global_colors_info=&#8221;{}&#8221;]<\/p>\n<p><span style=\"font-weight: 400;\">Chacun filtre la r\u00e9alit\u00e9 \u00e0 travers ses croyances, exp\u00e9riences, valeurs. Ces filtres influencent la mani\u00e8re de recevoir un message. Par exemple, une critique constructive peut \u00eatre per\u00e7ue comme une attaque personnelle.<\/span><\/p>\n<p>[\/et_pb_text][et_pb_text _builder_version=&#8221;4.27.4&#8243; _module_preset=&#8221;default&#8221; header_2_font=&#8221;&#8211;et_global_body_font|600|||||||&#8221; header_2_line_height=&#8221;2.5rem&#8221; header_3_font=&#8221;&#8211;et_global_body_font|600|||||||&#8221; header_3_line_height=&#8221;2.5rem&#8221; global_colors_info=&#8221;{}&#8221;]<\/p>\n<h3>Les \u00e9motions non g\u00e9r\u00e9es et leur impact sur le message<\/h3>\n<p>[\/et_pb_text][et_pb_text _builder_version=&#8221;4.27.4&#8243; _module_preset=&#8221;default&#8221; text_font=&#8221;&#8211;et_global_body_font||||||||&#8221; text_line_height=&#8221;2rem&#8221; global_colors_info=&#8221;{}&#8221;]<\/p>\n<p><span style=\"font-weight: 400;\">La col\u00e8re, le stress ou la peur peuvent d\u00e9former notre mani\u00e8re de nous exprimer ou d&#8217;\u00e9couter. Une forte charge \u00e9motionnelle nuit \u00e0 l&#8217;objectivit\u00e9 de l&#8217;\u00e9change.<\/span><\/p>\n<p>[\/et_pb_text][et_pb_text _builder_version=&#8221;4.27.4&#8243; _module_preset=&#8221;default&#8221; header_2_font=&#8221;&#8211;et_global_body_font|600|||||||&#8221; header_2_line_height=&#8221;2.5rem&#8221; header_3_font=&#8221;&#8211;et_global_body_font|600|||||||&#8221; header_3_line_height=&#8221;2.5rem&#8221; global_colors_info=&#8221;{}&#8221;]<\/p>\n<h3>Le manque d&#8217;\u00e9coute active<\/h3>\n<p>[\/et_pb_text][et_pb_text _builder_version=&#8221;4.27.4&#8243; _module_preset=&#8221;default&#8221; text_font=&#8221;&#8211;et_global_body_font||||||||&#8221; text_line_height=&#8221;2rem&#8221; global_colors_info=&#8221;{}&#8221;]<\/p>\n<p><span style=\"font-weight: 400;\">Beaucoup \u00e9coutent pour r\u00e9pondre, non pour comprendre. L&#8217;interruption, le multit\u00e2che ou la pr\u00e9paration mentale de sa r\u00e9ponse nuisent \u00e0 une \u00e9coute v\u00e9ritablement attentive.<\/span><\/p>\n<p>[\/et_pb_text][et_pb_text _builder_version=&#8221;4.27.4&#8243; _module_preset=&#8221;default&#8221; header_2_font=&#8221;&#8211;et_global_body_font|600|||||||&#8221; header_2_line_height=&#8221;2.5rem&#8221; header_3_font=&#8221;&#8211;et_global_body_font|600|||||||&#8221; header_3_line_height=&#8221;2.5rem&#8221; global_colors_info=&#8221;{}&#8221;]<\/p>\n<h3>Les diff\u00e9rences culturelles et sociales<\/h3>\n<p>[\/et_pb_text][et_pb_text _builder_version=&#8221;4.27.4&#8243; _module_preset=&#8221;default&#8221; text_font=&#8221;&#8211;et_global_body_font||||||||&#8221; text_line_height=&#8221;2rem&#8221; global_colors_info=&#8221;{}&#8221;]<\/p>\n<p><span style=\"font-weight: 400;\">Les codes non verbaux, les mani\u00e8res de s&#8217;exprimer, l&#8217;importance du silence ou de la proximit\u00e9 physique varient selon les cultures. Mal les interpr\u00e9ter peut g\u00e9n\u00e9rer des incompr\u00e9hensions.<\/span><\/p>\n<p>[\/et_pb_text][et_pb_text _builder_version=&#8221;4.27.4&#8243; _module_preset=&#8221;default&#8221; header_2_font=&#8221;&#8211;et_global_body_font|600|||||||&#8221; header_2_line_height=&#8221;2.5rem&#8221; header_3_font=&#8221;&#8211;et_global_body_font|600|||||||&#8221; header_3_line_height=&#8221;2.5rem&#8221; global_colors_info=&#8221;{}&#8221;]<\/p>\n<h3>Les probl\u00e8mes li\u00e9s \u00e0 la communication non verbale<\/h3>\n<p>[\/et_pb_text][et_pb_text _builder_version=&#8221;4.27.4&#8243; _module_preset=&#8221;default&#8221; text_font=&#8221;&#8211;et_global_body_font||||||||&#8221; text_line_height=&#8221;2rem&#8221; global_colors_info=&#8221;{}&#8221;]<\/p>\n<p><span style=\"font-weight: 400;\">Un langage corporel qui contredit le discours verbal (ex. : dire \u00ab je vais bien \u00bb en se repliant sur soi) cr\u00e9e une dissonance. L&#8217;intonation, la posture, la gestuelle influencent la cr\u00e9dibilit\u00e9 du message.<\/span><\/p>\n<p>[\/et_pb_text][et_pb_text _builder_version=&#8221;4.27.4&#8243; _module_preset=&#8221;default&#8221; header_2_font=&#8221;&#8211;et_global_body_font|600|||||||&#8221; header_2_line_height=&#8221;2.5rem&#8221; header_3_font=&#8221;&#8211;et_global_body_font|600|||||||&#8221; header_3_line_height=&#8221;2.5rem&#8221; global_colors_info=&#8221;{}&#8221;]<\/p>\n<h3>Les styles de communication incompatibles<\/h3>\n<p>[\/et_pb_text][et_pb_text _builder_version=&#8221;4.27.4&#8243; _module_preset=&#8221;default&#8221; text_font=&#8221;&#8211;et_global_body_font||||||||&#8221; text_line_height=&#8221;2rem&#8221; global_colors_info=&#8221;{}&#8221;]<\/p>\n<p><span style=\"font-weight: 400;\">Une personne au style direct, affirm\u00e9 mais peu \u00e0 l\u2019aise avec les non-dits, peut rencontrer des difficult\u00e9s \u00e0 interagir avec un interlocuteur passif-agressif. Le d\u00e9calage entre un besoin de clart\u00e9 et une tendance \u00e0 l\u2019\u00e9vitement indirect peut g\u00e9n\u00e9rer frustrations et blocages.<\/span><\/p>\n<p>[\/et_pb_text][et_pb_text _builder_version=&#8221;4.27.4&#8243; _module_preset=&#8221;default&#8221; header_2_font=&#8221;&#8211;et_global_body_font|600|||||||&#8221; header_2_line_height=&#8221;2.5rem&#8221; header_3_font=&#8221;&#8211;et_global_body_font|600|||||||&#8221; header_3_line_height=&#8221;2.5rem&#8221; global_colors_info=&#8221;{}&#8221;]<\/p>\n<h3>Les environnements perturbateurs<\/h3>\n<p>[\/et_pb_text][et_pb_text _builder_version=&#8221;4.27.4&#8243; _module_preset=&#8221;default&#8221; text_font=&#8221;&#8211;et_global_body_font||||||||&#8221; text_line_height=&#8221;2rem&#8221; global_colors_info=&#8221;{}&#8221;]<\/p>\n<p><span style=\"font-weight: 400;\">Un lieu bruyant, un stress ambiant, une fatigue accumul\u00e9e ou des interruptions fr\u00e9quentes perturbent l&#8217;attention et la qualit\u00e9 des \u00e9changes.<\/span><\/p>\n<p>[\/et_pb_text][et_pb_text _builder_version=&#8221;4.27.4&#8243; _module_preset=&#8221;default&#8221; header_2_font=&#8221;&#8211;et_global_body_font|600|||||||&#8221; header_2_line_height=&#8221;2.5rem&#8221; header_3_font=&#8221;&#8211;et_global_body_font|600|||||||&#8221; header_3_line_height=&#8221;2.5rem&#8221; global_colors_info=&#8221;{}&#8221;]<\/p>\n<h3>Les conflits interpersonnels non r\u00e9solus<\/h3>\n<p>[\/et_pb_text][et_pb_text _builder_version=&#8221;4.27.4&#8243; _module_preset=&#8221;default&#8221; text_font=&#8221;&#8211;et_global_body_font||||||||&#8221; text_line_height=&#8221;2rem&#8221; global_colors_info=&#8221;{}&#8221;]<\/p>\n<p><span style=\"font-weight: 400;\">Des tensions latentes ou des ant\u00e9c\u00e9dents non exprim\u00e9s peuvent polluer les \u00e9changes actuels. Le non-dit est l&#8217;un des plus grands ennemis de la communication saine.<\/span><\/p>\n<p>[\/et_pb_text][\/et_pb_column][\/et_pb_row][\/et_pb_section][et_pb_section fb_built=&#8221;1&#8243; _builder_version=&#8221;4.27.4&#8243; _module_preset=&#8221;default&#8221; min_height=&#8221;459.1px&#8221; custom_margin=&#8221;||-55px|||&#8221; custom_padding=&#8221;0px|||||&#8221; da_disable_devices=&#8221;off|off|off&#8221; global_colors_info=&#8221;{}&#8221; da_is_popup=&#8221;off&#8221; da_exit_intent=&#8221;off&#8221; da_has_close=&#8221;on&#8221; da_alt_close=&#8221;off&#8221; da_dark_close=&#8221;off&#8221; da_not_modal=&#8221;on&#8221; da_is_singular=&#8221;off&#8221; da_with_loader=&#8221;off&#8221; da_has_shadow=&#8221;on&#8221;][et_pb_row _builder_version=&#8221;4.27.4&#8243; _module_preset=&#8221;default&#8221; custom_padding=&#8221;0px||0px|||&#8221; global_colors_info=&#8221;{}&#8221;][et_pb_column type=&#8221;4_4&#8243; _builder_version=&#8221;4.27.4&#8243; _module_preset=&#8221;default&#8221; global_colors_info=&#8221;{}&#8221;][et_pb_image src=&#8221;https:\/\/www.learning-partners.com\/wp-content\/uploads\/2025\/05\/infographie-principaux-obstacles-communication-interpersonnelle.webp&#8221; alt=&#8221;Infographie sur les principaux obstacles \u00e0 la communication interpersonnelle &#8211; Learning Partners&#8221; title_text=&#8221;infographie-principaux-obstacles-communication-interpersonnelle&#8221; _builder_version=&#8221;4.27.4&#8243; _module_preset=&#8221;default&#8221; border_radii=&#8221;on|10px|10px|10px|10px&#8221; global_colors_info=&#8221;{}&#8221;][\/et_pb_image][\/et_pb_column][\/et_pb_row][\/et_pb_section][et_pb_section fb_built=&#8221;1&#8243; _builder_version=&#8221;4.27.4&#8243; _module_preset=&#8221;default&#8221; da_disable_devices=&#8221;off|off|off&#8221; global_colors_info=&#8221;{}&#8221; da_is_popup=&#8221;off&#8221; da_exit_intent=&#8221;off&#8221; da_has_close=&#8221;on&#8221; da_alt_close=&#8221;off&#8221; da_dark_close=&#8221;off&#8221; da_not_modal=&#8221;on&#8221; da_is_singular=&#8221;off&#8221; da_with_loader=&#8221;off&#8221; da_has_shadow=&#8221;on&#8221;][et_pb_row _builder_version=&#8221;4.27.4&#8243; _module_preset=&#8221;default&#8221; global_colors_info=&#8221;{}&#8221;][et_pb_column type=&#8221;4_4&#8243; _builder_version=&#8221;4.27.4&#8243; _module_preset=&#8221;default&#8221; global_colors_info=&#8221;{}&#8221;][et_pb_text module_id=&#8221;sommaire-4&#8243; _builder_version=&#8221;4.27.4&#8243; _module_preset=&#8221;default&#8221; header_2_font=&#8221;&#8211;et_global_body_font|600|||||||&#8221; header_2_line_height=&#8221;2.5rem&#8221; global_colors_info=&#8221;{}&#8221;]<\/p>\n<h2>Comment surmonter les obstacles \u00e0 la communication interpersonnelle ?<\/h2>\n<p>[\/et_pb_text][et_pb_text _builder_version=&#8221;4.27.4&#8243; _module_preset=&#8221;default&#8221; text_font=&#8221;&#8211;et_global_body_font||||||||&#8221; text_line_height=&#8221;2rem&#8221; global_colors_info=&#8221;{}&#8221;]<\/p>\n<p>Tensions, malentendus, incompr\u00e9hensions\u2026 La <strong>communication interpersonnelle<\/strong> peut vite se compliquer si certains freins ne sont pas identifi\u00e9s. Pour r\u00e9tablir des \u00e9changes fluides et efficaces, il est essentiel de <strong>comprendre ces obstacles<\/strong> et <strong>d\u2019adopter des strat\u00e9gies concr\u00e8tes<\/strong> pour les d\u00e9passer.<\/p>\n<p>[\/et_pb_text][et_pb_text _builder_version=&#8221;4.27.4&#8243; _module_preset=&#8221;default&#8221; header_2_font=&#8221;&#8211;et_global_body_font|600|||||||&#8221; header_2_line_height=&#8221;2.5rem&#8221; header_3_font=&#8221;&#8211;et_global_body_font|600|||||||&#8221; header_3_line_height=&#8221;2.5rem&#8221; global_colors_info=&#8221;{}&#8221;]<\/p>\n<h3>D\u00e9velopper une \u00e9coute active et empathique<\/h3>\n<p>[\/et_pb_text][et_pb_text _builder_version=&#8221;4.27.4&#8243; _module_preset=&#8221;default&#8221; text_font=&#8221;&#8211;et_global_body_font||||||||&#8221; text_line_height=&#8221;2rem&#8221; global_colors_info=&#8221;{}&#8221;]<\/p>\n<p><span style=\"font-weight: 400;\"><strong>L&#8217;\u00e9coute active<\/strong> suppose une attention totale \u00e0 l&#8217;autre, sans juger ni interrompre. Reformuler, poser des questions ouvertes et utiliser le silence strat\u00e9giquement favorise une <strong>v\u00e9ritable compr\u00e9hension mutuelle<\/strong>.<\/span><\/p>\n<p>[\/et_pb_text][et_pb_text _builder_version=&#8221;4.27.4&#8243; _module_preset=&#8221;default&#8221; header_2_font=&#8221;&#8211;et_global_body_font|600|||||||&#8221; header_2_line_height=&#8221;2.5rem&#8221; header_3_font=&#8221;&#8211;et_global_body_font|600|||||||&#8221; header_3_line_height=&#8221;2.5rem&#8221; global_colors_info=&#8221;{}&#8221;]<\/p>\n<h3>Se conna\u00eetre pour mieux communiquer<\/h3>\n<p>[\/et_pb_text][et_pb_text _builder_version=&#8221;4.27.4&#8243; _module_preset=&#8221;default&#8221; text_font=&#8221;&#8211;et_global_body_font||||||||&#8221; text_line_height=&#8221;2rem&#8221; hover_enabled=&#8221;0&#8243; global_colors_info=&#8221;{}&#8221; sticky_enabled=&#8221;0&#8243;]<\/p>\n<p>Une grande partie <strong>des obstacles \u00e0 la communication<\/strong> na\u00eet de nos diff\u00e9rences de perception, de besoins et de modes d\u2019expression. Pour mieux comprendre son propre fonctionnement et celui des autres, des outils comme le <strong data-start=\"357\" data-end=\"365\">MBTI<\/strong> sont particuli\u00e8rement utiles. Cette m\u00e9thode permet d\u2019identifier son profil de personnalit\u00e9 et d\u2019adapter sa communication en fonction de son interlocuteur.<\/p>\n<p><a href=\"https:\/\/www.learning-partners.com\/fr\/methode-mbti\/\">D\u00e9couvrez comment fonctionne <strong>la m\u00e9thode MBTI<\/strong> et en quoi elle peut <strong>am\u00e9liorer la communication interpersonnelle<\/strong>.<\/a><\/p>\n<p>[\/et_pb_text][et_pb_text _builder_version=&#8221;4.27.4&#8243; _module_preset=&#8221;default&#8221; header_2_font=&#8221;&#8211;et_global_body_font|600|||||||&#8221; header_2_line_height=&#8221;2.5rem&#8221; header_3_font=&#8221;&#8211;et_global_body_font|600|||||||&#8221; header_3_line_height=&#8221;2.5rem&#8221; global_colors_info=&#8221;{}&#8221;]<\/p>\n<h3>Clarifier son message pour \u00e9viter les malentendus<\/h3>\n<p>[\/et_pb_text][et_pb_text _builder_version=&#8221;4.27.4&#8243; _module_preset=&#8221;default&#8221; text_font=&#8221;&#8211;et_global_body_font||||||||&#8221; text_line_height=&#8221;2rem&#8221; global_colors_info=&#8221;{}&#8221;]<\/p>\n<p><span style=\"font-weight: 400;\">Exprimer une id\u00e9e de mani\u00e8re concise, structur\u00e9e et adapt\u00e9e au niveau de compr\u00e9hension de l&#8217;autre est essentiel. <strong>Un message clair \u00e9vite les surinterpr\u00e9tations.<\/strong><\/span><\/p>\n<p>[\/et_pb_text][et_pb_text _builder_version=&#8221;4.27.4&#8243; _module_preset=&#8221;default&#8221; header_2_font=&#8221;&#8211;et_global_body_font|600|||||||&#8221; header_2_line_height=&#8221;2.5rem&#8221; header_3_font=&#8221;&#8211;et_global_body_font|600|||||||&#8221; header_3_line_height=&#8221;2.5rem&#8221; global_colors_info=&#8221;{}&#8221;]<\/p>\n<h3>Apprendre \u00e0 g\u00e9rer ses \u00e9motions avant de communiquer<\/h3>\n<p>[\/et_pb_text][et_pb_text _builder_version=&#8221;4.27.4&#8243; _module_preset=&#8221;default&#8221; text_font=&#8221;&#8211;et_global_body_font||||||||&#8221; text_line_height=&#8221;2rem&#8221; global_colors_info=&#8221;{}&#8221;]<\/p>\n<p><span style=\"font-weight: 400;\">Travailler sur son <strong>intelligence \u00e9motionnelle<\/strong> permet de ne pas se laisser d\u00e9border par ses \u00e9motions. Des techniques de respiration, de centrage ou de pleine conscience peuvent aider.<\/span><\/p>\n<p>[\/et_pb_text][et_pb_text _builder_version=&#8221;4.27.4&#8243; _module_preset=&#8221;default&#8221; header_2_font=&#8221;&#8211;et_global_body_font|600|||||||&#8221; header_2_line_height=&#8221;2.5rem&#8221; header_3_font=&#8221;&#8211;et_global_body_font|600|||||||&#8221; header_3_line_height=&#8221;2.5rem&#8221; global_colors_info=&#8221;{}&#8221;]<\/p>\n<h3>Utiliser une posture assertive et respectueuse<\/h3>\n<p>[\/et_pb_text][et_pb_text _builder_version=&#8221;4.27.4&#8243; _module_preset=&#8221;default&#8221; text_font=&#8221;&#8211;et_global_body_font||||||||&#8221; text_line_height=&#8221;2rem&#8221; global_colors_info=&#8221;{}&#8221;]<\/p>\n<p><span style=\"font-weight: 400;\">L&#8217;assertivit\u00e9, c&#8217;est la <strong>capacit\u00e9 \u00e0 s&#8217;affirmer sans agressivit\u00e9 ni passivit\u00e9<\/strong>. Cela implique de savoir dire non, poser ses limites et exprimer ses besoins de fa\u00e7on respectueuse.<\/span><\/p>\n<p>[\/et_pb_text][et_pb_text _builder_version=&#8221;4.27.4&#8243; _module_preset=&#8221;default&#8221; header_2_font=&#8221;&#8211;et_global_body_font|600|||||||&#8221; header_2_line_height=&#8221;2.5rem&#8221; header_3_font=&#8221;&#8211;et_global_body_font|600|||||||&#8221; header_3_line_height=&#8221;2.5rem&#8221; global_colors_info=&#8221;{}&#8221;]<\/p>\n<h3>Adapter sa communication \u00e0 son interlocuteur<\/h3>\n<p>[\/et_pb_text][et_pb_text _builder_version=&#8221;4.27.4&#8243; _module_preset=&#8221;default&#8221; text_font=&#8221;&#8211;et_global_body_font||||||||&#8221; text_line_height=&#8221;2rem&#8221; global_colors_info=&#8221;{}&#8221;]<\/p>\n<p><span style=\"font-weight: 400;\">Conna\u00eetre le style de communication de son interlocuteur (gr\u00e2ce \u00e0 des outils comme le DISC ou l&#8217;analyse transactionnelle) permet <strong>d&#8217;ajuster son langage<\/strong>, <strong>son rythme<\/strong> et <strong>son niveau d&#8217;information<\/strong>.<\/span><\/p>\n<p>[\/et_pb_text][et_pb_text _builder_version=&#8221;4.27.4&#8243; _module_preset=&#8221;default&#8221; header_2_font=&#8221;&#8211;et_global_body_font|600|||||||&#8221; header_2_line_height=&#8221;2.5rem&#8221; header_3_font=&#8221;&#8211;et_global_body_font|600|||||||&#8221; header_3_line_height=&#8221;2.5rem&#8221; global_colors_info=&#8221;{}&#8221;]<\/p>\n<h3>Ma\u00eetriser les outils de la communication non verbale<\/h3>\n<p>[\/et_pb_text][et_pb_text _builder_version=&#8221;4.27.4&#8243; _module_preset=&#8221;default&#8221; text_font=&#8221;&#8211;et_global_body_font||||||||&#8221; text_line_height=&#8221;2rem&#8221; global_colors_info=&#8221;{}&#8221;]<\/p>\n<p><span style=\"font-weight: 400;\"><strong>Observer sa gestuelle<\/strong>, <strong>maintenir un contact visuel adapt\u00e9<\/strong>, <strong>harmoniser sa posture<\/strong> et son intonation permet d&#8217;envoyer un message coh\u00e9rent et impactant.<\/span><\/p>\n<p>[\/et_pb_text][et_pb_text _builder_version=&#8221;4.27.4&#8243; _module_preset=&#8221;default&#8221; header_2_font=&#8221;&#8211;et_global_body_font|600|||||||&#8221; header_2_line_height=&#8221;2.5rem&#8221; header_3_font=&#8221;&#8211;et_global_body_font|600|||||||&#8221; header_3_line_height=&#8221;2.5rem&#8221; global_colors_info=&#8221;{}&#8221;]<\/p>\n<h3>Cr\u00e9er un climat de confiance<\/h3>\n<p>[\/et_pb_text][et_pb_text _builder_version=&#8221;4.27.4&#8243; _module_preset=&#8221;default&#8221; text_font=&#8221;&#8211;et_global_body_font||||||||&#8221; text_line_height=&#8221;2rem&#8221; global_colors_info=&#8221;{}&#8221;]<\/p>\n<p><span style=\"font-weight: 400;\"><strong>La confiance repose sur la coh\u00e9rence, la transparence, le respect et la bienveillance.<\/strong> Elle est indispensable pour permettre des \u00e9changes profonds et sinc\u00e8res.<\/span><\/p>\n<p>[\/et_pb_text][et_pb_text _builder_version=&#8221;4.27.4&#8243; _module_preset=&#8221;default&#8221; header_2_font=&#8221;&#8211;et_global_body_font|600|||||||&#8221; header_2_line_height=&#8221;2.5rem&#8221; header_3_font=&#8221;&#8211;et_global_body_font|600|||||||&#8221; header_3_line_height=&#8221;2.5rem&#8221; global_colors_info=&#8221;{}&#8221;]<\/p>\n<h3>Se former \u00e0 la communication interpersonnelle<\/h3>\n<p>[\/et_pb_text][et_pb_text _builder_version=&#8221;4.27.4&#8243; _module_preset=&#8221;default&#8221; text_font=&#8221;&#8211;et_global_body_font||||||||&#8221; text_line_height=&#8221;2rem&#8221; global_colors_info=&#8221;{}&#8221;]<\/p>\n<p><span style=\"font-weight: 400;\">Des <strong>formations<\/strong>, du <strong>coaching<\/strong> ou des <strong>mises en situation<\/strong> permettent d&#8217;ancrer des comp\u00e9tences relationnelles durables. <strong>La communication est une comp\u00e9tence qui se d\u00e9veloppe<\/strong>.<\/span><\/p>\n<p>[\/et_pb_text][\/et_pb_column][\/et_pb_row][\/et_pb_section][et_pb_section fb_built=&#8221;1&#8243; _builder_version=&#8221;4.27.4&#8243; _module_preset=&#8221;default&#8221; background_color=&#8221;#1d3355&#8243; da_disable_devices=&#8221;off|off|off&#8221; border_radii=&#8221;on|20px|20px|20px|20px&#8221; global_colors_info=&#8221;{}&#8221; da_is_popup=&#8221;off&#8221; da_exit_intent=&#8221;off&#8221; da_has_close=&#8221;on&#8221; da_alt_close=&#8221;off&#8221; da_dark_close=&#8221;off&#8221; da_not_modal=&#8221;on&#8221; da_is_singular=&#8221;off&#8221; da_with_loader=&#8221;off&#8221; da_has_shadow=&#8221;on&#8221;][et_pb_row _builder_version=&#8221;4.27.4&#8243; _module_preset=&#8221;default&#8221; global_colors_info=&#8221;{}&#8221;][et_pb_column type=&#8221;4_4&#8243; _builder_version=&#8221;4.27.4&#8243; _module_preset=&#8221;default&#8221; global_colors_info=&#8221;{}&#8221;][et_pb_text _builder_version=&#8221;4.27.4&#8243; _module_preset=&#8221;default&#8221; header_2_font=&#8221;Poppins|700|||||||&#8221; header_2_text_color=&#8221;#FFFFFF&#8221; header_2_line_height=&#8221;2.5rem&#8221; global_colors_info=&#8221;{}&#8221;]<\/p>\n<h2>Learning Partners vous forme en communication interpersonnelle !<\/h2>\n<p>[\/et_pb_text][et_pb_button button_url=&#8221;#contact-learning-partners-wpforms&#8221; button_text=&#8221;Prendre RDV&#8221; _builder_version=&#8221;4.27.4&#8243; _module_preset=&#8221;1bffc0fc-42a0-49d1-bd9a-ae3ade2d7206&#8243; custom_button=&#8221;on&#8221; button_text_size=&#8221;18px&#8221; button_text_color=&#8221;#1d3355&#8243; button_bg_color=&#8221;#FFFFFF&#8221; button_border_width=&#8221;0px&#8221; button_border_radius=&#8221;100px&#8221; button_font=&#8221;Poppins|700|||||||&#8221; custom_margin=&#8221;50px||||false|false&#8221; custom_padding=&#8221;15px|40px|15px|40px|true|true&#8221; locked=&#8221;off&#8221; global_colors_info=&#8221;{}&#8221; custom_padding__hover_enabled=&#8221;off|desktop&#8221; custom_padding__hover=&#8221;|28px||20px|true|false&#8221; button_bg_color__hover_enabled=&#8221;on|hover&#8221; button_bg_color__hover=&#8221;#2e4a77&#8243; button_bg_enable_color__hover=&#8221;on&#8221; button_text_color__hover_enabled=&#8221;on|hover&#8221; button_text_color__hover=&#8221;#FFFFFF&#8221;][\/et_pb_button][\/et_pb_column][\/et_pb_row][\/et_pb_section][et_pb_section fb_built=&#8221;1&#8243; _builder_version=&#8221;4.27.4&#8243; _module_preset=&#8221;default&#8221; da_disable_devices=&#8221;off|off|off&#8221; global_colors_info=&#8221;{}&#8221; da_is_popup=&#8221;off&#8221; da_exit_intent=&#8221;off&#8221; da_has_close=&#8221;on&#8221; da_alt_close=&#8221;off&#8221; da_dark_close=&#8221;off&#8221; da_not_modal=&#8221;on&#8221; da_is_singular=&#8221;off&#8221; da_with_loader=&#8221;off&#8221; da_has_shadow=&#8221;on&#8221;][et_pb_row _builder_version=&#8221;4.27.4&#8243; _module_preset=&#8221;default&#8221; global_colors_info=&#8221;{}&#8221;][et_pb_column type=&#8221;4_4&#8243; _builder_version=&#8221;4.27.4&#8243; _module_preset=&#8221;default&#8221; global_colors_info=&#8221;{}&#8221;][et_pb_text module_id=&#8221;sommaire-5&#8243; _builder_version=&#8221;4.27.4&#8243; _module_preset=&#8221;default&#8221; header_2_font=&#8221;&#8211;et_global_body_font|600|||||||&#8221; header_2_line_height=&#8221;2.5rem&#8221; global_colors_info=&#8221;{}&#8221;]<\/p>\n<h2>Les b\u00e9n\u00e9fices d&#8217;une communication interpersonnelle ma\u00eetris\u00e9e<\/h2>\n<p>[\/et_pb_text][et_pb_text _builder_version=&#8221;4.27.4&#8243; _module_preset=&#8221;default&#8221; text_font=&#8221;&#8211;et_global_body_font||||||||&#8221; text_line_height=&#8221;2rem&#8221; global_colors_info=&#8221;{}&#8221;]<\/p>\n<ul>\n<li style=\"font-weight: 400;\" aria-level=\"1\">\n<p><b>Meilleure efficacit\u00e9 relationnelle<\/b><span style=\"font-weight: 400;\"> : Comprendre et se faire comprendre permet de collaborer plus efficacement.<\/span><span style=\"font-weight: 400;\"><\/span><\/p>\n<\/li>\n<\/ul>\n<p><span style=\"font-weight: 400;\"><\/span><\/p>\n<ul>\n<li style=\"font-weight: 400;\" aria-level=\"1\">\n<p><b>R\u00e9duction des tensions et des conflits<\/b><span style=\"font-weight: 400;\"> : Une bonne communication pr\u00e9vient les malentendus et d\u00e9samorce les situations sensibles.<\/span><\/p>\n<\/li>\n<\/ul>\n<p><span style=\"font-weight: 400;\"><\/span><\/p>\n<ul>\n<li style=\"font-weight: 400;\" aria-level=\"1\">\n<p><b>Renforcement de la confiance et de la coop\u00e9ration<\/b><span style=\"font-weight: 400;\"> : Une communication claire et bienveillante inspire confiance et favorise l&#8217;engagement.<\/span><\/p>\n<\/li>\n<\/ul>\n<p><span style=\"font-weight: 400;\"><\/span><\/p>\n<ul>\n<li style=\"font-weight: 400;\" aria-level=\"1\">\n<p><b>Leadership et motivation accrus<\/b><span style=\"font-weight: 400;\"> : Un bon communicant influence positivement, motive et donne du sens.<\/span><\/p>\n<\/li>\n<\/ul>\n<p><span style=\"font-weight: 400;\"><\/span><\/p>\n<ul>\n<li style=\"font-weight: 400;\" aria-level=\"1\">\n<p><span style=\"font-weight: 400;\"><\/span><b style=\"font-size: 16px;\">\u00c9panouissement personnel et professionnel <\/b><span style=\"font-weight: 400;\">: Mieux communiquer, c&#8217;est aussi mieux se conna\u00eetre, mieux s&#8217;affirmer et cr\u00e9er des relations enrichissantes.<\/span><\/p>\n<\/li>\n<\/ul>\n<p><span style=\"font-weight: 400;\"><\/span><\/p>\n<p>[\/et_pb_text][\/et_pb_column][\/et_pb_row][\/et_pb_section][et_pb_section fb_built=&#8221;1&#8243; _builder_version=&#8221;4.27.4&#8243; _module_preset=&#8221;default&#8221; min_height=&#8221;459.1px&#8221; custom_margin=&#8221;||-55px|||&#8221; custom_padding=&#8221;0px|||||&#8221; da_disable_devices=&#8221;off|off|off&#8221; global_colors_info=&#8221;{}&#8221; da_is_popup=&#8221;off&#8221; da_exit_intent=&#8221;off&#8221; da_has_close=&#8221;on&#8221; da_alt_close=&#8221;off&#8221; da_dark_close=&#8221;off&#8221; da_not_modal=&#8221;on&#8221; da_is_singular=&#8221;off&#8221; da_with_loader=&#8221;off&#8221; da_has_shadow=&#8221;on&#8221;][et_pb_row _builder_version=&#8221;4.27.4&#8243; _module_preset=&#8221;default&#8221; custom_padding=&#8221;0px||0px|||&#8221; global_colors_info=&#8221;{}&#8221;][et_pb_column type=&#8221;4_4&#8243; _builder_version=&#8221;4.27.4&#8243; _module_preset=&#8221;default&#8221; global_colors_info=&#8221;{}&#8221;][et_pb_image src=&#8221;https:\/\/www.learning-partners.com\/wp-content\/uploads\/2025\/05\/infographie-benefices-communication-interpersonnelle.webp&#8221; alt=&#8221;Infographie sur les b\u00e9n\u00e9fices d&#8217;une bonne communication interpersonnelle &#8211; Learning Partners&#8221; title_text=&#8221;infographie-benefices-communication-interpersonnelle&#8221; _builder_version=&#8221;4.27.4&#8243; _module_preset=&#8221;default&#8221; border_radii=&#8221;on|10px|10px|10px|10px&#8221; global_colors_info=&#8221;{}&#8221;][\/et_pb_image][\/et_pb_column][\/et_pb_row][\/et_pb_section][et_pb_section fb_built=&#8221;1&#8243; _builder_version=&#8221;4.27.4&#8243; _module_preset=&#8221;default&#8221; da_disable_devices=&#8221;off|off|off&#8221; global_colors_info=&#8221;{}&#8221; da_is_popup=&#8221;off&#8221; da_exit_intent=&#8221;off&#8221; da_has_close=&#8221;on&#8221; da_alt_close=&#8221;off&#8221; da_dark_close=&#8221;off&#8221; da_not_modal=&#8221;on&#8221; da_is_singular=&#8221;off&#8221; da_with_loader=&#8221;off&#8221; da_has_shadow=&#8221;on&#8221;][et_pb_row _builder_version=&#8221;4.27.4&#8243; _module_preset=&#8221;default&#8221; global_colors_info=&#8221;{}&#8221;][et_pb_column type=&#8221;4_4&#8243; _builder_version=&#8221;4.27.4&#8243; _module_preset=&#8221;default&#8221; global_colors_info=&#8221;{}&#8221;][et_pb_text module_id=&#8221;sommaire-6&#8243; _builder_version=&#8221;4.27.4&#8243; _module_preset=&#8221;default&#8221; header_2_font=&#8221;&#8211;et_global_body_font|600|||||||&#8221; header_2_line_height=&#8221;2.5rem&#8221; global_colors_info=&#8221;{}&#8221;]<\/p>\n<h2>Mieux communiquer, un levier cl\u00e9 pour des relations harmonieuses<\/h2>\n<p>[\/et_pb_text][et_pb_text _builder_version=&#8221;4.27.4&#8243; _module_preset=&#8221;default&#8221; text_font=&#8221;&#8211;et_global_body_font||||||||&#8221; text_line_height=&#8221;2rem&#8221; global_colors_info=&#8221;{}&#8221;]<\/p>\n<p><span style=\"font-weight: 400;\"><strong>D\u00e9passer<\/strong> <strong>les obstacles de la communication interpersonnelle<\/strong> est un apprentissage accessible \u00e0 tous. En cultivant l&#8217;\u00e9coute, la clart\u00e9, l&#8217;intelligence \u00e9motionnelle et la bienveillance, nous pouvons transformer nos \u00e9changes au quotidien. <strong>La communication est la cl\u00e9<\/strong> de relations saines, \u00e9panouies et durables.<\/span><\/p>\n<p>[\/et_pb_text][\/et_pb_column][\/et_pb_row][\/et_pb_section][et_pb_section fb_built=&#8221;1&#8243; _builder_version=&#8221;4.27.4&#8243; _module_preset=&#8221;default&#8221; background_color=&#8221;#1d3355&#8243; da_disable_devices=&#8221;off|off|off&#8221; border_radii=&#8221;on|20px|20px|20px|20px&#8221; global_colors_info=&#8221;{}&#8221; da_is_popup=&#8221;off&#8221; da_exit_intent=&#8221;off&#8221; da_has_close=&#8221;on&#8221; da_alt_close=&#8221;off&#8221; da_dark_close=&#8221;off&#8221; da_not_modal=&#8221;on&#8221; da_is_singular=&#8221;off&#8221; da_with_loader=&#8221;off&#8221; da_has_shadow=&#8221;on&#8221;][et_pb_row _builder_version=&#8221;4.27.4&#8243; _module_preset=&#8221;default&#8221; global_colors_info=&#8221;{}&#8221;][et_pb_column type=&#8221;4_4&#8243; _builder_version=&#8221;4.27.4&#8243; _module_preset=&#8221;default&#8221; global_colors_info=&#8221;{}&#8221;][et_pb_text _builder_version=&#8221;4.27.4&#8243; _module_preset=&#8221;default&#8221; header_2_font=&#8221;Poppins|700|||||||&#8221; header_2_text_color=&#8221;#FFFFFF&#8221; header_2_line_height=&#8221;2.5rem&#8221; global_colors_info=&#8221;{}&#8221;]<\/p>\n<h2>Envie d&#8217;aller plus loin ?<\/h2>\n<p>[\/et_pb_text][et_pb_text _builder_version=&#8221;4.27.4&#8243; _module_preset=&#8221;default&#8221; text_font=&#8221;Poppins||||||||&#8221; text_text_color=&#8221;#FFFFFF&#8221; global_colors_info=&#8221;{}&#8221;]<\/p>\n<p>Chez<strong> Learning Partners<\/strong>, nous accompagnons les cadres dirigeants dans le d\u00e9veloppement de leurs comp\u00e9tences relationnelles et manag\u00e9riales.<\/p>\n<p><strong>Contactez-nous<\/strong> pour d\u00e9couvrir nos formations et ateliers sur la communication interpersonnelle et le leadership bienveillant.<\/p>\n<p>[\/et_pb_text][et_pb_button button_url=&#8221;#contact-learning-partners-wpforms&#8221; button_text=&#8221;Prendre RDV&#8221; _builder_version=&#8221;4.27.4&#8243; _module_preset=&#8221;1bffc0fc-42a0-49d1-bd9a-ae3ade2d7206&#8243; custom_button=&#8221;on&#8221; button_text_size=&#8221;18px&#8221; button_text_color=&#8221;#1d3355&#8243; button_bg_color=&#8221;#FFFFFF&#8221; button_border_width=&#8221;0px&#8221; button_border_radius=&#8221;100px&#8221; button_font=&#8221;Poppins|700|||||||&#8221; custom_margin=&#8221;50px||||false|false&#8221; custom_padding=&#8221;15px|40px|15px|40px|true|true&#8221; locked=&#8221;off&#8221; global_colors_info=&#8221;{}&#8221; custom_padding__hover_enabled=&#8221;off|desktop&#8221; custom_padding__hover=&#8221;|28px||20px|true|false&#8221; button_bg_color__hover_enabled=&#8221;on|hover&#8221; button_bg_color__hover=&#8221;#2e4a77&#8243; button_bg_enable_color__hover=&#8221;on&#8221; button_text_color__hover_enabled=&#8221;on|hover&#8221; button_text_color__hover=&#8221;#FFFFFF&#8221;][\/et_pb_button][\/et_pb_column][\/et_pb_row][\/et_pb_section][et_pb_section fb_built=&#8221;1&#8243; admin_label=&#8221;Popup &#8211; #contact-learning-partners-wpforms&#8221; module_id=&#8221;contact-learning-partners-wpforms&#8221; module_class=&#8221;popup no-shadow&#8221; _builder_version=&#8221;4.27.4&#8243; _module_preset=&#8221;default&#8221; background_color=&#8221;RGBA(255,255,255,0)&#8221; da_is_popup=&#8221;on&#8221; da_popup_slug=&#8221;contact-learning-partners-wpforms&#8221; da_has_shadow=&#8221;off&#8221; da_disable_devices=&#8221;off|off|off&#8221; global_colors_info=&#8221;{}&#8221; da_exit_intent=&#8221;off&#8221; da_has_close=&#8221;on&#8221; da_alt_close=&#8221;off&#8221; da_dark_close=&#8221;off&#8221; da_not_modal=&#8221;on&#8221; da_is_singular=&#8221;off&#8221; da_with_loader=&#8221;off&#8221;][et_pb_row column_structure=&#8221;1_3,2_3&#8243; custom_padding_last_edited=&#8221;on|phone&#8221; _builder_version=&#8221;4.27.4&#8243; background_color=&#8221;#3550a0&#8243; custom_margin=&#8221;0px||||false|false&#8221; custom_margin_tablet=&#8221;0px|||&#8221; custom_margin_phone=&#8221;|||&#8221; custom_margin_last_edited=&#8221;off|desktop&#8221; custom_padding=&#8221;80px|4%|80px|4%|true|true&#8221; custom_padding_tablet=&#8221;|50px||50px||true&#8221; custom_padding_phone=&#8221;24px|24px|24px|24px|true|true&#8221; animation_style=&#8221;zoom&#8221; animation_intensity_zoom=&#8221;2%&#8221; border_radii=&#8221;on|10px|10px|10px|10px&#8221; box_shadow_style=&#8221;preset3&#8243; box_shadow_vertical=&#8221;100px&#8221; box_shadow_blur=&#8221;100px&#8221; box_shadow_spread=&#8221;-120px&#8221; global_colors_info=&#8221;{}&#8221;][et_pb_column type=&#8221;1_3&#8243; _builder_version=&#8221;4.16&#8243; custom_padding=&#8221;|||&#8221; global_colors_info=&#8221;{}&#8221; custom_padding__hover=&#8221;|||&#8221;][et_pb_text _builder_version=&#8221;4.27.4&#8243; text_font=&#8221;Lato||||||||&#8221; text_line_height=&#8221;1.8em&#8221; link_font=&#8221;||||||||&#8221; link_text_color=&#8221;#ffffff&#8221; ul_font=&#8221;||||||||&#8221; ol_font=&#8221;||||||||&#8221; quote_font=&#8221;||||||||&#8221; header_font=&#8221;Poppins||||||||&#8221; header_font_size=&#8221;40px&#8221; header_2_font=&#8221;Poppins|700|||||||&#8221; header_2_font_size=&#8221;32px&#8221; header_2_line_height=&#8221;1.5em&#8221; header_3_font=&#8221;Poppins||||||||&#8221; header_4_font=&#8221;Poppins|700|||||||&#8221; header_4_font_size=&#8221;16px&#8221; header_4_line_height=&#8221;1.5em&#8221; header_5_font=&#8221;||||||||&#8221; header_6_font=&#8221;||||||||&#8221; background_layout=&#8221;dark&#8221; custom_margin=&#8221;70px||||false|false&#8221; custom_margin_tablet=&#8221;70px||||false|false&#8221; custom_margin_phone=&#8221;0px||||false|false&#8221; custom_margin_last_edited=&#8221;on|phone&#8221; custom_padding=&#8221;|||&#8221; header_font_size_tablet=&#8221;30px&#8221; header_font_size_phone=&#8221;24px&#8221; header_font_size_last_edited=&#8221;on|phone&#8221; header_2_font_size_tablet=&#8221;30px&#8221; header_2_font_size_phone=&#8221;&#8221; header_2_font_size_last_edited=&#8221;on|tablet&#8221; locked=&#8221;off&#8221; global_colors_info=&#8221;{}&#8221;]<\/p>\n<h3>T\u00e9l\u00e9phone<\/h3>\n<p>+41 22 510 25 15<br \/>+33 6 40 83 53 55<\/p>\n<h3>Adresse<\/h3>\n<p><span>68 Route du Stand,<br \/><\/span><span>VD1260 Nyon, Suisse\u00a0<\/span><\/p>\n<p>[\/et_pb_text][\/et_pb_column][et_pb_column type=&#8221;2_3&#8243; _builder_version=&#8221;4.27.4&#8243; _module_preset=&#8221;default&#8221; global_colors_info=&#8221;{}&#8221;][wpforms_selector form_id=&#8221;26537&#8243; show_title=&#8221;on&#8221; _builder_version=&#8221;4.27.4&#8243; _module_preset=&#8221;default&#8221; width=&#8221;99.9%&#8221; global_colors_info=&#8221;{}&#8221;][\/wpforms_selector][\/et_pb_column][\/et_pb_row][\/et_pb_section]<\/p>\n","protected":false},"excerpt":{"rendered":"<p>Pourquoi la communication interpersonnelle est-elle si souvent mal comprise ? Comprendre les fondements de la communication interpersonnelle Les principaux obstacles de la communication interpersonnelle Comment surmonter les obstacles de la communication interpersonnelle ? Les b\u00e9n\u00e9fices de la communication interpersonnelle Mieux communiquer, un levier pour des relations harmonieuses &nbsp;Pourquoi la communication interpersonnelle est-elle si souvent mal [&hellip;]<\/p>\n","protected":false},"author":1,"featured_media":27254,"comment_status":"closed","ping_status":"closed","sticky":false,"template":"","format":"standard","meta":{"_et_pb_use_builder":"on","_et_pb_old_content":"","_et_gb_content_width":"","footnotes":""},"categories":[91],"tags":[],"class_list":["post-27250","post","type-post","status-publish","format-standard","has-post-thumbnail","hentry","category-cohesion-performance"],"_links":{"self":[{"href":"https:\/\/www.learning-partners.com\/fr\/wp-json\/wp\/v2\/posts\/27250","targetHints":{"allow":["GET"]}}],"collection":[{"href":"https:\/\/www.learning-partners.com\/fr\/wp-json\/wp\/v2\/posts"}],"about":[{"href":"https:\/\/www.learning-partners.com\/fr\/wp-json\/wp\/v2\/types\/post"}],"author":[{"embeddable":true,"href":"https:\/\/www.learning-partners.com\/fr\/wp-json\/wp\/v2\/users\/1"}],"replies":[{"embeddable":true,"href":"https:\/\/www.learning-partners.com\/fr\/wp-json\/wp\/v2\/comments?post=27250"}],"version-history":[{"count":0,"href":"https:\/\/www.learning-partners.com\/fr\/wp-json\/wp\/v2\/posts\/27250\/revisions"}],"wp:featuredmedia":[{"embeddable":true,"href":"https:\/\/www.learning-partners.com\/fr\/wp-json\/wp\/v2\/media\/27254"}],"wp:attachment":[{"href":"https:\/\/www.learning-partners.com\/fr\/wp-json\/wp\/v2\/media?parent=27250"}],"wp:term":[{"taxonomy":"category","embeddable":true,"href":"https:\/\/www.learning-partners.com\/fr\/wp-json\/wp\/v2\/categories?post=27250"},{"taxonomy":"post_tag","embeddable":true,"href":"https:\/\/www.learning-partners.com\/fr\/wp-json\/wp\/v2\/tags?post=27250"}],"curies":[{"name":"wp","href":"https:\/\/api.w.org\/{rel}","templated":true}]}}